{"id":114759,"date":"2025-11-23T11:14:47","date_gmt":"2025-11-23T14:14:47","guid":{"rendered":"https:\/\/portalmovil.com.ar\/?p=114759"},"modified":"2025-11-23T11:14:50","modified_gmt":"2025-11-23T14:14:50","slug":"vargas-insiste-en-que-magda-ayala-informe-que-cargo-ocupara","status":"publish","type":"post","link":"https:\/\/portalmovil.com.ar\/index.php\/2025\/11\/23\/vargas-insiste-en-que-magda-ayala-informe-que-cargo-ocupara\/","title":{"rendered":"Vargas insiste en que Magda Ayala informe qu\u00e9 cargo ocupar\u00e1"},"content":{"rendered":"\n<p>El diputado provincial Samuel Vargas, integrante de la Comisi\u00f3n de Asuntos Municipales de la Legislatura chaque\u00f1a, expres\u00f3 su preocupaci\u00f3n por la situaci\u00f3n institucional que atraviesa la Municipalidad de Barranqueras. Seg\u00fan afirm\u00f3, su mayor inquietud es la falta de definiciones por parte de la intendente Magda Ayala respecto del cargo que asumir\u00e1 a partir del 10 de diciembre.<\/p>\n\n\n\n<p>\u00abVelamos por la estabilidad y la previsibilidad de cada Ejecutivo Municipal, especialmente en momentos de transici\u00f3n que pueden afectar a los vecinos\u00bb, se\u00f1al\u00f3.<\/p>\n\n\n\n<p>Vargas record\u00f3 que Ayala fue electa diputada provincial -cargo para el que debe presentarse a la sesi\u00f3n preparatoria del 1 de diciembre-, pero tampoco present\u00f3 renuncia ni pidi\u00f3 licencia ante el Concejo Municipal para definir si continuar\u00e1 como intendente. Adem\u00e1s, figura como senadora suplente tras las \u00faltimas elecciones nacionales.<\/p>\n\n\n\n<p>Ante este escenario, sostuvo que la comunidad necesita claridad: \u00abLa intendente no inform\u00f3 formalmente cu\u00e1l de los tres cargos electivo ocupar\u00e1 a partir del 10 de diciembre\u00bb, indic\u00f3. Y remarc\u00f3 que esa definici\u00f3n es indispensable para garantizar el funcionamiento normal del Municipio.<\/p>\n\n\n\n<p>El legislador apunt\u00f3 tambi\u00e9n que la Carta Org\u00e1nica Municipal establece un procedimiento espec\u00edfico de sucesi\u00f3n cuando un intendente deja su cargo, toma licencia o asume otra funci\u00f3n p\u00fablica. Si ese mecanismo se hubiera activado, explic\u00f3, la ciudadan\u00eda ya sabr\u00eda qui\u00e9n ser\u00e1 su reemplazante en caso de que Ayala no contin\u00fae al frente del Ejecutivo.<\/p>\n\n\n\n<p>Vargas aclar\u00f3 que su posici\u00f3n no responde a intereses personales dentro del municipio: \u00abNo busco ocupar el sill\u00f3n de la Intendencia; ese lugar lo elige el pueblo en 2027 y le vamos a ganar en las urnas\u00bb, afirm\u00f3. En ese sentido, sostuvo que su intervenci\u00f3n tiene como objetivo \u00abasegurar previsibilidad institucional\u00bb y evitar situaciones como las registradas en el pasado, cuando la falta de definiciones pol\u00edticas gener\u00f3 problemas administrativos y retrasos en el pago de sueldos.<\/p>\n\n\n\n<p>El diputado inform\u00f3 que el pr\u00f3ximo martes 25 de noviembre se llevar\u00e1 adelante la \u00faltima sesi\u00f3n del Concejo Municipal previo al 1 de diciembre, instancia en la que Ayala deber\u00eda comunicar oficialmente su decisi\u00f3n. De esa notificaci\u00f3n depender\u00e1 que el Concejo pueda cumplir con lo que establece la Ley Org\u00e1nica de Municipios y con los procedimientos administrativos necesarios ante la Legislatura.<\/p>\n\n\n\n<p>Vargas concluy\u00f3 que su prioridad es \u00abla transparencia del gasto p\u00fablico, el respeto institucional y el bienestar de los vecinos de Barranqueras\u00bb.<\/p>\n","protected":false},"excerpt":{"rendered":"<p>El diputado provincial Samuel Vargas, integrante de la Comisi\u00f3n de Asuntos Municipales de la Legislatura chaque\u00f1a, expres\u00f3 su preocupaci\u00f3n por la situaci\u00f3n institucional que atraviesa la Municipalidad de Barranqueras. Seg\u00fan afirm\u00f3, su mayor inquietud es la falta de definiciones por parte de la intendente Magda Ayala respecto del cargo que asumir\u00e1 a partir del 10 &hellip;<\/p>\n","protected":false},"author":2,"featured_media":114760,"comment_status":"open","ping_status":"open","sticky":false,"template":"","format":"standard","meta":{"_jetpack_memberships_contains_paid_content":false,"footnotes":"","jetpack_publicize_message":"","jetpack_publicize_feature_enabled":true,"jetpack_social_post_already_shared":true,"jetpack_social_options":{"image_generator_settings":{"template":"highway","default_image_id":0,"font":"","enabled":false},"version":2}},"categories":[5,14],"tags":[],"class_list":["post-114759","post","type-post","status-publish","format-standard","has-post-thumbnail","hentry","category-chaco","category-politica"],"jetpack_publicize_connections":[],"jetpack_featured_media_url":"https:\/\/portalmovil.com.ar\/wp-content\/uploads\/2025\/11\/1763907229723.jpg","jetpack_sharing_enabled":true,"amp_enabled":true,"_links":{"self":[{"href":"https:\/\/portalmovil.com.ar\/index.php\/wp-json\/wp\/v2\/posts\/114759","targetHints":{"allow":["GET"]}}],"collection":[{"href":"https:\/\/portalmovil.com.ar\/index.php\/wp-json\/wp\/v2\/posts"}],"about":[{"href":"https:\/\/portalmovil.com.ar\/index.php\/wp-json\/wp\/v2\/types\/post"}],"author":[{"embeddable":true,"href":"https:\/\/portalmovil.com.ar\/index.php\/wp-json\/wp\/v2\/users\/2"}],"replies":[{"embeddable":true,"href":"https:\/\/portalmovil.com.ar\/index.php\/wp-json\/wp\/v2\/comments?post=114759"}],"version-history":[{"count":1,"href":"https:\/\/portalmovil.com.ar\/index.php\/wp-json\/wp\/v2\/posts\/114759\/revisions"}],"predecessor-version":[{"id":114761,"href":"https:\/\/portalmovil.com.ar\/index.php\/wp-json\/wp\/v2\/posts\/114759\/revisions\/114761"}],"wp:featuredmedia":[{"embeddable":true,"href":"https:\/\/portalmovil.com.ar\/index.php\/wp-json\/wp\/v2\/media\/114760"}],"wp:attachment":[{"href":"https:\/\/portalmovil.com.ar\/index.php\/wp-json\/wp\/v2\/media?parent=114759"}],"wp:term":[{"taxonomy":"category","embeddable":true,"href":"https:\/\/portalmovil.com.ar\/index.php\/wp-json\/wp\/v2\/categories?post=114759"},{"taxonomy":"post_tag","embeddable":true,"href":"https:\/\/portalmovil.com.ar\/index.php\/wp-json\/wp\/v2\/tags?post=114759"}],"curies":[{"name":"wp","href":"https:\/\/api.w.org\/{rel}","templated":true}]}}