{"id":114756,"date":"2025-11-23T11:07:23","date_gmt":"2025-11-23T14:07:23","guid":{"rendered":"https:\/\/portalmovil.com.ar\/?p=114756"},"modified":"2025-11-23T11:07:25","modified_gmt":"2025-11-23T14:07:25","slug":"detuvieron-a-un-hombre-que-ataco-la-casa-de-su-expareja-y-la-amenazo-de-muerte-en-la-rubita","status":"publish","type":"post","link":"https:\/\/portalmovil.com.ar\/index.php\/2025\/11\/23\/detuvieron-a-un-hombre-que-ataco-la-casa-de-su-expareja-y-la-amenazo-de-muerte-en-la-rubita\/","title":{"rendered":"Detuvieron a un hombre que atac\u00f3 la casa de su expareja y la amenaz\u00f3 de muerte en La Rubita"},"content":{"rendered":"\n<p>Polic\u00edas detuvieron a un hombre de 26 a\u00f1os, acusado de provocar disturbios y amenazar de muerte a su expareja. La captura se concret\u00f3 en horas de la madrugada de este domingo, alrededor de las 2.17, en inmediaciones de la calle Jos\u00e9 Mar\u00eda Toledo 3.600, en La Rubita, en Resistencia.<\/p>\n\n\n\n<p>Fuentes policiales informaron que se trat\u00f3 de un sujeto de 26 a\u00f1os, identificado con las siglas A.M.B., quien ocasion\u00f3 da\u00f1os en la casa de su expareja. La joven, identificada como J.G., denunci\u00f3 que cerca de las 23 del s\u00e1bado, el individuo se present\u00f3 a su domicilio y pidi\u00f3 hablar.<\/p>\n\n\n\n<p>En ese contexto, y ante la negativa de la v\u00edctima, el hombre atac\u00f3 puertas y ventanas del domicilio, prendi\u00f3 fuego un colch\u00f3n y la amenaz\u00f3 de muerte.<\/p>\n\n\n\n<p>Con ese panorama, se dio intervenci\u00f3n al fiscal a cargo del Equipo Fiscal N\u00b0 4, Jorge Omar C\u00e1ceres Olivera, quien dispuso la aprehensi\u00f3n e identificaci\u00f3n del sujeto, quien fue arrestado y trasladado a la comisar\u00eda, donde qued\u00f3 a disposici\u00f3n de la Justicia.<\/p>\n","protected":false},"excerpt":{"rendered":"<p>Polic\u00edas detuvieron a un hombre de 26 a\u00f1os, acusado de provocar disturbios y amenazar de muerte a su expareja. La captura se concret\u00f3 en horas de la madrugada de este domingo, alrededor de las 2.17, en inmediaciones de la calle Jos\u00e9 Mar\u00eda Toledo 3.600, en La Rubita, en Resistencia. Fuentes policiales informaron que se trat\u00f3 &hellip;<\/p>\n","protected":false},"author":2,"featured_media":114757,"comment_status":"open","ping_status":"open","sticky":false,"template":"","format":"standard","meta":{"_jetpack_memberships_contains_paid_content":false,"footnotes":"","jetpack_publicize_message":"","jetpack_publicize_feature_enabled":true,"jetpack_social_post_already_shared":true,"jetpack_social_options":{"image_generator_settings":{"template":"highway","default_image_id":0,"font":"","enabled":false},"version":2}},"categories":[5,8],"tags":[],"class_list":["post-114756","post","type-post","status-publish","format-standard","has-post-thumbnail","hentry","category-chaco","category-policiales"],"jetpack_publicize_connections":[],"jetpack_featured_media_url":"https:\/\/portalmovil.com.ar\/wp-content\/uploads\/2025\/11\/650676w480h292c.jpg.webp","jetpack_sharing_enabled":true,"amp_enabled":true,"_links":{"self":[{"href":"https:\/\/portalmovil.com.ar\/index.php\/wp-json\/wp\/v2\/posts\/114756","targetHints":{"allow":["GET"]}}],"collection":[{"href":"https:\/\/portalmovil.com.ar\/index.php\/wp-json\/wp\/v2\/posts"}],"about":[{"href":"https:\/\/portalmovil.com.ar\/index.php\/wp-json\/wp\/v2\/types\/post"}],"author":[{"embeddable":true,"href":"https:\/\/portalmovil.com.ar\/index.php\/wp-json\/wp\/v2\/users\/2"}],"replies":[{"embeddable":true,"href":"https:\/\/portalmovil.com.ar\/index.php\/wp-json\/wp\/v2\/comments?post=114756"}],"version-history":[{"count":1,"href":"https:\/\/portalmovil.com.ar\/index.php\/wp-json\/wp\/v2\/posts\/114756\/revisions"}],"predecessor-version":[{"id":114758,"href":"https:\/\/portalmovil.com.ar\/index.php\/wp-json\/wp\/v2\/posts\/114756\/revisions\/114758"}],"wp:featuredmedia":[{"embeddable":true,"href":"https:\/\/portalmovil.com.ar\/index.php\/wp-json\/wp\/v2\/media\/114757"}],"wp:attachment":[{"href":"https:\/\/portalmovil.com.ar\/index.php\/wp-json\/wp\/v2\/media?parent=114756"}],"wp:term":[{"taxonomy":"category","embeddable":true,"href":"https:\/\/portalmovil.com.ar\/index.php\/wp-json\/wp\/v2\/categories?post=114756"},{"taxonomy":"post_tag","embeddable":true,"href":"https:\/\/portalmovil.com.ar\/index.php\/wp-json\/wp\/v2\/tags?post=114756"}],"curies":[{"name":"wp","href":"https:\/\/api.w.org\/{rel}","templated":true}]}}