{"id":11475,"date":"2020-08-19T16:30:49","date_gmt":"2020-08-19T19:30:49","guid":{"rendered":"https:\/\/portalmovil.com.ar\/?p=11475"},"modified":"2020-08-19T16:31:41","modified_gmt":"2020-08-19T19:31:41","slug":"barranqueras-ucr-pide-que-el-aumento-salarial-para-los-empleados-municipales-sea-mayor-a-un-30","status":"publish","type":"post","link":"https:\/\/portalmovil.com.ar\/index.php\/2020\/08\/19\/barranqueras-ucr-pide-que-el-aumento-salarial-para-los-empleados-municipales-sea-mayor-a-un-30\/","title":{"rendered":"Barranqueras: UCR pide que el aumento salarial para los empleados municipales sea mayor a un 30%"},"content":{"rendered":"\n<p>El Bloque UCR de la ciudad de Barranqueras, integrado por los Concejales Juan Chaussivert y Norma Mart\u00ednez han puesto de manifiesto el gusto que les dio conocer, a trav\u00e9s de las redes sociales, que el Ejecutivo Municipal ponga en marcha un plan de recomposici\u00f3n salarial anunciado ayer.<\/p>\n\n\n\n<p>\u00abNos alegra mucho que esta evaluaci\u00f3n comience a aparecer en su agenda, ya que hace aproximadamente un a\u00f1o del \u00faltimo aumento. Obviamente que como Bloque sugeriremos que el mismo sea mayor a un 30%, ya que en conversaciones con los distintos gremios nos han comentado, que para palear esta dif\u00edcil situaci\u00f3n econ\u00f3mica que nos toca vivir a todos los argentinos, un monto m\u00ednimo razonable ser\u00eda ese\u201d.<\/p>\n\n\n\n<p>\u201cEstamos dispuestos a trabajar en conjunto y estudiar la realidad financiera del municipio, para que los deseos de los trabajadores activos y pasivos se cumplan\u201d. Finalizaron.<\/p>\n\n\n\n<figure class=\"wp-block-image size-large\"><a href=\"https:\/\/portalmovil.com.ar\/index.php\/suscripciones\/\"><img loading=\"lazy\" decoding=\"async\" width=\"1024\" height=\"123\" src=\"https:\/\/portalmovil.com.ar\/wp-content\/uploads\/2020\/08\/suscripciones-PM-1024x123-1-48.png\" alt=\"\" class=\"wp-image-10982\" srcset=\"https:\/\/portalmovil.com.ar\/wp-content\/uploads\/2020\/08\/suscripciones-PM-1024x123-1-48.png 1024w, https:\/\/portalmovil.com.ar\/wp-content\/uploads\/2020\/08\/suscripciones-PM-1024x123-1-48-300x36.png 300w, https:\/\/portalmovil.com.ar\/wp-content\/uploads\/2020\/08\/suscripciones-PM-1024x123-1-48-768x92.png 768w\" sizes=\"auto, (max-width: 1024px) 100vw, 1024px\" \/><\/a><\/figure>\n","protected":false},"excerpt":{"rendered":"<p>El Bloque UCR de la ciudad de Barranqueras, integrado por los Concejales Juan Chaussivert y Norma Mart\u00ednez han puesto de manifiesto el gusto que les dio conocer, a trav\u00e9s de las redes sociales, que el Ejecutivo Municipal ponga en marcha un plan de recomposici\u00f3n salarial anunciado ayer. \u00abNos alegra mucho que esta evaluaci\u00f3n comience a &hellip;<\/p>\n","protected":false},"author":2,"featured_media":11476,"comment_status":"open","ping_status":"open","sticky":false,"template":"","format":"standard","meta":{"_jetpack_memberships_contains_paid_content":false,"footnotes":"","jetpack_publicize_message":"","jetpack_publicize_feature_enabled":true,"jetpack_social_post_already_shared":true,"jetpack_social_options":{"image_generator_settings":{"template":"highway","default_image_id":0,"font":"","enabled":false},"version":2}},"categories":[14],"tags":[],"class_list":["post-11475","post","type-post","status-publish","format-standard","has-post-thumbnail","hentry","category-politica"],"jetpack_publicize_connections":[],"jetpack_featured_media_url":"https:\/\/portalmovil.com.ar\/wp-content\/uploads\/2020\/08\/whatsapp_image_2019-10-25_at_17.54.53.jpg","jetpack_sharing_enabled":true,"amp_enabled":true,"_links":{"self":[{"href":"https:\/\/portalmovil.com.ar\/index.php\/wp-json\/wp\/v2\/posts\/11475","targetHints":{"allow":["GET"]}}],"collection":[{"href":"https:\/\/portalmovil.com.ar\/index.php\/wp-json\/wp\/v2\/posts"}],"about":[{"href":"https:\/\/portalmovil.com.ar\/index.php\/wp-json\/wp\/v2\/types\/post"}],"author":[{"embeddable":true,"href":"https:\/\/portalmovil.com.ar\/index.php\/wp-json\/wp\/v2\/users\/2"}],"replies":[{"embeddable":true,"href":"https:\/\/portalmovil.com.ar\/index.php\/wp-json\/wp\/v2\/comments?post=11475"}],"version-history":[{"count":2,"href":"https:\/\/portalmovil.com.ar\/index.php\/wp-json\/wp\/v2\/posts\/11475\/revisions"}],"predecessor-version":[{"id":11478,"href":"https:\/\/portalmovil.com.ar\/index.php\/wp-json\/wp\/v2\/posts\/11475\/revisions\/11478"}],"wp:featuredmedia":[{"embeddable":true,"href":"https:\/\/portalmovil.com.ar\/index.php\/wp-json\/wp\/v2\/media\/11476"}],"wp:attachment":[{"href":"https:\/\/portalmovil.com.ar\/index.php\/wp-json\/wp\/v2\/media?parent=11475"}],"wp:term":[{"taxonomy":"category","embeddable":true,"href":"https:\/\/portalmovil.com.ar\/index.php\/wp-json\/wp\/v2\/categories?post=11475"},{"taxonomy":"post_tag","embeddable":true,"href":"https:\/\/portalmovil.com.ar\/index.php\/wp-json\/wp\/v2\/tags?post=11475"}],"curies":[{"name":"wp","href":"https:\/\/api.w.org\/{rel}","templated":true}]}}