{"id":114747,"date":"2025-11-22T12:00:53","date_gmt":"2025-11-22T15:00:53","guid":{"rendered":"https:\/\/portalmovil.com.ar\/?p=114747"},"modified":"2025-11-22T12:00:54","modified_gmt":"2025-11-22T15:00:54","slug":"echaron-a-un-penitenciario-por-faltar-casi-100-dias-al-trabajo","status":"publish","type":"post","link":"https:\/\/portalmovil.com.ar\/index.php\/2025\/11\/22\/echaron-a-un-penitenciario-por-faltar-casi-100-dias-al-trabajo\/","title":{"rendered":"Echaron a un penitenciario por faltar casi 100 d\u00edas al trabajo"},"content":{"rendered":"\n<p>Mediante un Decreto firmado por el gobernador Leandro Zdero, el Gobierno ech\u00f3 a un agente del Servicio Penitenciario Provincial por acumular casi 100 d\u00edas de ausencia de sus obligaciones laborales sin justificativos.<\/p>\n\n\n\n<p>Se trata de una destituci\u00f3n con calificaci\u00f3n de cesant\u00eda para el agente identificado como C.A.F. quien acumul\u00f3 93 d\u00edas discontinuos de licencia especial hasta el 20 de octubre de 2023 por cuadros de \u00ablumbalgia, angustia y ansiedad con fen\u00f3menos alucinatorios\u00bb. Sin embargo, tras una investigaci\u00f3n, se supo que el agente no present\u00f3 m\u00e1s certificados m\u00e9dicos que justifiquen su diagn\u00f3stico desde el 21 de octubre de 2022, pese a que fue citado varias veces por la Direcci\u00f3n de Personal.<\/p>\n\n\n\n<p>La Asesor\u00eda Legal del Servicio Penitenciario indic\u00f3 que el agente incumpli\u00f3 el inciso y del art\u00edculo 53 del R\u00e9gimen Disciplinario Penitenciario: \u00abLa deserci\u00f3n o abandono de las obligaciones del servicio por el t\u00e9rmino mayor a tres d\u00edas corridos\u00bb; el inciso h por \u00abno presentarse ante el llamado del superior\u00bb; y el inciso k por \u00abno reintegrarse al servicio inmediatamente de haber finalizado su licencia, comisi\u00f3n o plazo de presentaci\u00f3n\u00bb.<\/p>\n\n\n\n<p>Ante esto, decidieron que correspond\u00eda aplicar la sanci\u00f3n m\u00e1xima al agente y, con la firma del decreto, C.A.F. fue expulsado del Servicio Penitenciario.<\/p>\n","protected":false},"excerpt":{"rendered":"<p>Mediante un Decreto firmado por el gobernador Leandro Zdero, el Gobierno ech\u00f3 a un agente del Servicio Penitenciario Provincial por acumular casi 100 d\u00edas de ausencia de sus obligaciones laborales sin justificativos. Se trata de una destituci\u00f3n con calificaci\u00f3n de cesant\u00eda para el agente identificado como C.A.F. quien acumul\u00f3 93 d\u00edas discontinuos de licencia especial &hellip;<\/p>\n","protected":false},"author":2,"featured_media":114748,"comment_status":"open","ping_status":"open","sticky":false,"template":"","format":"standard","meta":{"_jetpack_memberships_contains_paid_content":false,"footnotes":"","jetpack_publicize_message":"","jetpack_publicize_feature_enabled":true,"jetpack_social_post_already_shared":true,"jetpack_social_options":{"image_generator_settings":{"template":"highway","default_image_id":0,"font":"","enabled":false},"version":2}},"categories":[5,8],"tags":[],"class_list":["post-114747","post","type-post","status-publish","format-standard","has-post-thumbnail","hentry","category-chaco","category-policiales"],"jetpack_publicize_connections":[],"jetpack_featured_media_url":"https:\/\/portalmovil.com.ar\/wp-content\/uploads\/2025\/11\/IMG-20251122-WA0024.jpg","jetpack_sharing_enabled":true,"amp_enabled":true,"_links":{"self":[{"href":"https:\/\/portalmovil.com.ar\/index.php\/wp-json\/wp\/v2\/posts\/114747","targetHints":{"allow":["GET"]}}],"collection":[{"href":"https:\/\/portalmovil.com.ar\/index.php\/wp-json\/wp\/v2\/posts"}],"about":[{"href":"https:\/\/portalmovil.com.ar\/index.php\/wp-json\/wp\/v2\/types\/post"}],"author":[{"embeddable":true,"href":"https:\/\/portalmovil.com.ar\/index.php\/wp-json\/wp\/v2\/users\/2"}],"replies":[{"embeddable":true,"href":"https:\/\/portalmovil.com.ar\/index.php\/wp-json\/wp\/v2\/comments?post=114747"}],"version-history":[{"count":1,"href":"https:\/\/portalmovil.com.ar\/index.php\/wp-json\/wp\/v2\/posts\/114747\/revisions"}],"predecessor-version":[{"id":114749,"href":"https:\/\/portalmovil.com.ar\/index.php\/wp-json\/wp\/v2\/posts\/114747\/revisions\/114749"}],"wp:featuredmedia":[{"embeddable":true,"href":"https:\/\/portalmovil.com.ar\/index.php\/wp-json\/wp\/v2\/media\/114748"}],"wp:attachment":[{"href":"https:\/\/portalmovil.com.ar\/index.php\/wp-json\/wp\/v2\/media?parent=114747"}],"wp:term":[{"taxonomy":"category","embeddable":true,"href":"https:\/\/portalmovil.com.ar\/index.php\/wp-json\/wp\/v2\/categories?post=114747"},{"taxonomy":"post_tag","embeddable":true,"href":"https:\/\/portalmovil.com.ar\/index.php\/wp-json\/wp\/v2\/tags?post=114747"}],"curies":[{"name":"wp","href":"https:\/\/api.w.org\/{rel}","templated":true}]}}