{"id":114729,"date":"2025-11-21T18:57:25","date_gmt":"2025-11-21T21:57:25","guid":{"rendered":"https:\/\/portalmovil.com.ar\/?p=114729"},"modified":"2025-11-21T18:57:27","modified_gmt":"2025-11-21T21:57:27","slug":"desalojaron-a-familias-que-vivian-al-borde-de-lagunas-en-resistencia","status":"publish","type":"post","link":"https:\/\/portalmovil.com.ar\/index.php\/2025\/11\/21\/desalojaron-a-familias-que-vivian-al-borde-de-lagunas-en-resistencia\/","title":{"rendered":"Desalojaron a familias que viv\u00edan al borde de lagunas en Resistencia"},"content":{"rendered":"\n<p>A trav\u00e9s de un operativo conjunto, se retiraron dos viviendas asentadas, ilegalmente, al borde de la Laguna \u00c1valos y del terrapl\u00e9n lindante, cercano a la Estaci\u00f3n de Bombeo N\u00b02, en el barrio Santa Clara.<\/p>\n\n\n\n<p>La intervenci\u00f3n fue ejecutada por la Municipalidad de Resistencia, la Administraci\u00f3n Provincial del Agua y el Juzgado de Faltas Ambiental de la ciudad, adem\u00e1s de la Polic\u00eda del Chaco. No se registraron incidentes.<\/p>\n","protected":false},"excerpt":{"rendered":"<p>A trav\u00e9s de un operativo conjunto, se retiraron dos viviendas asentadas, ilegalmente, al borde de la Laguna \u00c1valos y del terrapl\u00e9n lindante, cercano a la Estaci\u00f3n de Bombeo N\u00b02, en el barrio Santa Clara. La intervenci\u00f3n fue ejecutada por la Municipalidad de Resistencia, la Administraci\u00f3n Provincial del Agua y el Juzgado de Faltas Ambiental de &hellip;<\/p>\n","protected":false},"author":2,"featured_media":114730,"comment_status":"open","ping_status":"open","sticky":false,"template":"","format":"standard","meta":{"_jetpack_memberships_contains_paid_content":false,"footnotes":"","jetpack_publicize_message":"","jetpack_publicize_feature_enabled":true,"jetpack_social_post_already_shared":true,"jetpack_social_options":{"image_generator_settings":{"template":"highway","default_image_id":0,"font":"","enabled":false},"version":2}},"categories":[14,37],"tags":[],"class_list":["post-114729","post","type-post","status-publish","format-standard","has-post-thumbnail","hentry","category-politica","category-resistencia"],"jetpack_publicize_connections":[],"jetpack_featured_media_url":"https:\/\/portalmovil.com.ar\/wp-content\/uploads\/2025\/11\/RAN-ErradicacionViv-LagunaAvalos.jpg","jetpack_sharing_enabled":true,"amp_enabled":true,"_links":{"self":[{"href":"https:\/\/portalmovil.com.ar\/index.php\/wp-json\/wp\/v2\/posts\/114729","targetHints":{"allow":["GET"]}}],"collection":[{"href":"https:\/\/portalmovil.com.ar\/index.php\/wp-json\/wp\/v2\/posts"}],"about":[{"href":"https:\/\/portalmovil.com.ar\/index.php\/wp-json\/wp\/v2\/types\/post"}],"author":[{"embeddable":true,"href":"https:\/\/portalmovil.com.ar\/index.php\/wp-json\/wp\/v2\/users\/2"}],"replies":[{"embeddable":true,"href":"https:\/\/portalmovil.com.ar\/index.php\/wp-json\/wp\/v2\/comments?post=114729"}],"version-history":[{"count":1,"href":"https:\/\/portalmovil.com.ar\/index.php\/wp-json\/wp\/v2\/posts\/114729\/revisions"}],"predecessor-version":[{"id":114731,"href":"https:\/\/portalmovil.com.ar\/index.php\/wp-json\/wp\/v2\/posts\/114729\/revisions\/114731"}],"wp:featuredmedia":[{"embeddable":true,"href":"https:\/\/portalmovil.com.ar\/index.php\/wp-json\/wp\/v2\/media\/114730"}],"wp:attachment":[{"href":"https:\/\/portalmovil.com.ar\/index.php\/wp-json\/wp\/v2\/media?parent=114729"}],"wp:term":[{"taxonomy":"category","embeddable":true,"href":"https:\/\/portalmovil.com.ar\/index.php\/wp-json\/wp\/v2\/categories?post=114729"},{"taxonomy":"post_tag","embeddable":true,"href":"https:\/\/portalmovil.com.ar\/index.php\/wp-json\/wp\/v2\/tags?post=114729"}],"curies":[{"name":"wp","href":"https:\/\/api.w.org\/{rel}","templated":true}]}}