{"id":114587,"date":"2025-11-15T12:28:50","date_gmt":"2025-11-15T15:28:50","guid":{"rendered":"https:\/\/portalmovil.com.ar\/?p=114587"},"modified":"2025-11-15T12:28:53","modified_gmt":"2025-11-15T15:28:53","slug":"tragedia-en-quitilipi-un-peaton-murio-atropellado-por-una-camioneta","status":"publish","type":"post","link":"https:\/\/portalmovil.com.ar\/index.php\/2025\/11\/15\/tragedia-en-quitilipi-un-peaton-murio-atropellado-por-una-camioneta\/","title":{"rendered":"Tragedia en Quitilipi: un peat\u00f3n muri\u00f3 atropellado por una camioneta"},"content":{"rendered":"\n<p>Un tr\u00e1gico accidente ocurrido en la madrugada de este s\u00e1bado en Quitilipi dej\u00f3 como saldo la muerte de un peat\u00f3n que a\u00fan no pudo ser identificado. El hecho tuvo lugar alrededor de las 5 de la ma\u00f1ana, sobre el acceso Juan D. Per\u00f3n, cuando una camioneta Ford Ranger blanca embisti\u00f3 a la v\u00edctima.<\/p>\n\n\n\n<p>Seg\u00fan informaron fuentes policiales, la camioneta era conducida por un hombre de 57 a\u00f1os. Por motivos que a\u00fan se investigan, el veh\u00edculo impact\u00f3 contra un peat\u00f3n de sexo masculino que se desplazaba por la zona. Tras el aviso, personal de salud lleg\u00f3 al lugar, pero solo pudo confirmar el fallecimiento, diagnosticado como traumatismo encefalocraneano grave y letal.<\/p>\n\n\n\n<p>Efectivos de la Divisi\u00f3n Criminal\u00edstica de S\u00e1enz Pe\u00f1a realizaron las pericias correspondientes en el lugar, mientras que el cuerpo fue trasladado a la morgue del hospital local por el m\u00f3vil tanatol\u00f3gico de Bomberos.<\/p>\n\n\n\n<p>Adem\u00e1s, agentes de la Divisi\u00f3n Tr\u00e1nsito y Patrulla Vial efectuaron el test de alcoholemia al conductor, arrojando un resultado de 0,00 g\/l.<\/p>\n\n\n\n<p>La Fiscal\u00eda N\u00b0 3, a cargo del doctor Marcelo Soto, dispuso que el conductor sea notificado por la causa \u00abSupuesto Homicidio Culposo en Accidente de Tr\u00e1nsito\u00bb, mientras contin\u00faan las tareas para identificar a la v\u00edctima y avanzar con la investigaci\u00f3n del hecho.<\/p>\n","protected":false},"excerpt":{"rendered":"<p>Un tr\u00e1gico accidente ocurrido en la madrugada de este s\u00e1bado en Quitilipi dej\u00f3 como saldo la muerte de un peat\u00f3n que a\u00fan no pudo ser identificado. El hecho tuvo lugar alrededor de las 5 de la ma\u00f1ana, sobre el acceso Juan D. Per\u00f3n, cuando una camioneta Ford Ranger blanca embisti\u00f3 a la v\u00edctima. Seg\u00fan informaron &hellip;<\/p>\n","protected":false},"author":2,"featured_media":114588,"comment_status":"open","ping_status":"open","sticky":false,"template":"","format":"standard","meta":{"_jetpack_memberships_contains_paid_content":false,"footnotes":"","jetpack_publicize_message":"","jetpack_publicize_feature_enabled":true,"jetpack_social_post_already_shared":true,"jetpack_social_options":{"image_generator_settings":{"template":"highway","default_image_id":0,"font":"","enabled":false},"version":2}},"categories":[5,8],"tags":[],"class_list":["post-114587","post","type-post","status-publish","format-standard","has-post-thumbnail","hentry","category-chaco","category-policiales"],"jetpack_publicize_connections":[],"jetpack_featured_media_url":"https:\/\/portalmovil.com.ar\/wp-content\/uploads\/2025\/11\/IMG-20251115-WA0072.jpg","jetpack_sharing_enabled":true,"amp_enabled":true,"_links":{"self":[{"href":"https:\/\/portalmovil.com.ar\/index.php\/wp-json\/wp\/v2\/posts\/114587","targetHints":{"allow":["GET"]}}],"collection":[{"href":"https:\/\/portalmovil.com.ar\/index.php\/wp-json\/wp\/v2\/posts"}],"about":[{"href":"https:\/\/portalmovil.com.ar\/index.php\/wp-json\/wp\/v2\/types\/post"}],"author":[{"embeddable":true,"href":"https:\/\/portalmovil.com.ar\/index.php\/wp-json\/wp\/v2\/users\/2"}],"replies":[{"embeddable":true,"href":"https:\/\/portalmovil.com.ar\/index.php\/wp-json\/wp\/v2\/comments?post=114587"}],"version-history":[{"count":1,"href":"https:\/\/portalmovil.com.ar\/index.php\/wp-json\/wp\/v2\/posts\/114587\/revisions"}],"predecessor-version":[{"id":114589,"href":"https:\/\/portalmovil.com.ar\/index.php\/wp-json\/wp\/v2\/posts\/114587\/revisions\/114589"}],"wp:featuredmedia":[{"embeddable":true,"href":"https:\/\/portalmovil.com.ar\/index.php\/wp-json\/wp\/v2\/media\/114588"}],"wp:attachment":[{"href":"https:\/\/portalmovil.com.ar\/index.php\/wp-json\/wp\/v2\/media?parent=114587"}],"wp:term":[{"taxonomy":"category","embeddable":true,"href":"https:\/\/portalmovil.com.ar\/index.php\/wp-json\/wp\/v2\/categories?post=114587"},{"taxonomy":"post_tag","embeddable":true,"href":"https:\/\/portalmovil.com.ar\/index.php\/wp-json\/wp\/v2\/tags?post=114587"}],"curies":[{"name":"wp","href":"https:\/\/api.w.org\/{rel}","templated":true}]}}