{"id":114565,"date":"2025-11-14T17:10:18","date_gmt":"2025-11-14T20:10:18","guid":{"rendered":"https:\/\/portalmovil.com.ar\/?p=114565"},"modified":"2025-11-14T17:10:20","modified_gmt":"2025-11-14T20:10:20","slug":"un-hombre-fallecio-en-plena-via-publica-de-resistencia","status":"publish","type":"post","link":"https:\/\/portalmovil.com.ar\/index.php\/2025\/11\/14\/un-hombre-fallecio-en-plena-via-publica-de-resistencia\/","title":{"rendered":"Un hombre falleci\u00f3 en plena v\u00eda p\u00fablica de Resistencia"},"content":{"rendered":"\n<p>En horas de la ma\u00f1ana de este viernes, un hombre de 58 a\u00f1os fue hallado sin vida en plena v\u00eda p\u00fablica, en la intersecci\u00f3n de la Avenida Las Heras, en Resistencia. A las 11:20, se recibi\u00f3 el aviso en la Comisar\u00eda S\u00e9ptima, donde se procedi\u00f3 al inmediato desplazamiento de personal policial y m\u00e9dico. El m\u00e9dico policial, Dr. Alfonzo Fabi\u00e1n, arrib\u00f3 al lugar y, tras realizar las tareas de rigor, confirm\u00f3 que la causa de la muerte fue una muerte s\u00fabita, no traum\u00e1tica.<\/p>\n\n\n\n<p>El fallecido fue identificado como H\u00e9ctor Rolando Maidana, domiciliado en Fort\u00edn Aguilar, Resistencia. La Fiscal\u00eda en turno, bajo la direcci\u00f3n de la Dra. Ana Gonz\u00e1lez de Pacce (subrogante), dispuso que el cuerpo fuera entregado a sus familiares para los tr\u00e1mites correspondientes. A fin de cumplir con el protocolo, se solicit\u00f3 la colaboraci\u00f3n del Departamento de Bomberos Metropolitanos, quienes arribaron con un m\u00f3vil tanatol\u00f3gico para trasladar el cuerpo de Maidana hasta su domicilio.<\/p>\n\n\n\n<p>Aunque el hecho no presenta indicios de criminalidad, las autoridades contin\u00faan con los procedimientos para verificar todas las circunstancias que rodearon el suceso. La polic\u00eda y la fiscal\u00eda act\u00faan en conformidad con los protocolos establecidos para este tipo de casos, garantizando que los procedimientos sean cumplidos adecuadamente para el esclarecimiento de cualquier posible irregularidad.<\/p>\n","protected":false},"excerpt":{"rendered":"<p>En horas de la ma\u00f1ana de este viernes, un hombre de 58 a\u00f1os fue hallado sin vida en plena v\u00eda p\u00fablica, en la intersecci\u00f3n de la Avenida Las Heras, en Resistencia. A las 11:20, se recibi\u00f3 el aviso en la Comisar\u00eda S\u00e9ptima, donde se procedi\u00f3 al inmediato desplazamiento de personal policial y m\u00e9dico. El m\u00e9dico &hellip;<\/p>\n","protected":false},"author":2,"featured_media":114566,"comment_status":"open","ping_status":"open","sticky":false,"template":"","format":"standard","meta":{"_jetpack_memberships_contains_paid_content":false,"footnotes":"","jetpack_publicize_message":"","jetpack_publicize_feature_enabled":true,"jetpack_social_post_already_shared":true,"jetpack_social_options":{"image_generator_settings":{"template":"highway","default_image_id":0,"font":"","enabled":false},"version":2}},"categories":[5,8],"tags":[],"class_list":["post-114565","post","type-post","status-publish","format-standard","has-post-thumbnail","hentry","category-chaco","category-policiales"],"jetpack_publicize_connections":[],"jetpack_featured_media_url":"https:\/\/portalmovil.com.ar\/wp-content\/uploads\/2025\/11\/IMG-20251114-WA00741.jpg","jetpack_sharing_enabled":true,"amp_enabled":true,"_links":{"self":[{"href":"https:\/\/portalmovil.com.ar\/index.php\/wp-json\/wp\/v2\/posts\/114565","targetHints":{"allow":["GET"]}}],"collection":[{"href":"https:\/\/portalmovil.com.ar\/index.php\/wp-json\/wp\/v2\/posts"}],"about":[{"href":"https:\/\/portalmovil.com.ar\/index.php\/wp-json\/wp\/v2\/types\/post"}],"author":[{"embeddable":true,"href":"https:\/\/portalmovil.com.ar\/index.php\/wp-json\/wp\/v2\/users\/2"}],"replies":[{"embeddable":true,"href":"https:\/\/portalmovil.com.ar\/index.php\/wp-json\/wp\/v2\/comments?post=114565"}],"version-history":[{"count":1,"href":"https:\/\/portalmovil.com.ar\/index.php\/wp-json\/wp\/v2\/posts\/114565\/revisions"}],"predecessor-version":[{"id":114567,"href":"https:\/\/portalmovil.com.ar\/index.php\/wp-json\/wp\/v2\/posts\/114565\/revisions\/114567"}],"wp:featuredmedia":[{"embeddable":true,"href":"https:\/\/portalmovil.com.ar\/index.php\/wp-json\/wp\/v2\/media\/114566"}],"wp:attachment":[{"href":"https:\/\/portalmovil.com.ar\/index.php\/wp-json\/wp\/v2\/media?parent=114565"}],"wp:term":[{"taxonomy":"category","embeddable":true,"href":"https:\/\/portalmovil.com.ar\/index.php\/wp-json\/wp\/v2\/categories?post=114565"},{"taxonomy":"post_tag","embeddable":true,"href":"https:\/\/portalmovil.com.ar\/index.php\/wp-json\/wp\/v2\/tags?post=114565"}],"curies":[{"name":"wp","href":"https:\/\/api.w.org\/{rel}","templated":true}]}}