{"id":114484,"date":"2025-11-12T22:51:47","date_gmt":"2025-11-13T01:51:47","guid":{"rendered":"https:\/\/portalmovil.com.ar\/?p=114484"},"modified":"2025-11-12T22:51:49","modified_gmt":"2025-11-13T01:51:49","slug":"dia-del-empleado-judicial-este-viernes-habra-asueto-en-toda-la-provincia","status":"publish","type":"post","link":"https:\/\/portalmovil.com.ar\/index.php\/2025\/11\/12\/dia-del-empleado-judicial-este-viernes-habra-asueto-en-toda-la-provincia\/","title":{"rendered":"D\u00eda del Empleado Judicial: este viernes habr\u00e1 asueto en toda la provincia"},"content":{"rendered":"\n<p>El Superior Tribunal de Justicia (STJ) del Chaco inform\u00f3 que el viernes 14 de noviembre habr\u00e1 asueto en las seis circunscripciones del Poder Judicial, con motivo del D\u00eda del Empleado Judicial, seg\u00fan lo establecido en el punto primero del acuerdo 3.792\/25.<\/p>\n\n\n\n<p>La medida se adopta en conmemoraci\u00f3n del aniversario de la creaci\u00f3n de la Confederaci\u00f3n Judicial Argentina en 1952. En aquella ocasi\u00f3n, representantes gremiales de distintas provincias se reunieron en Catamarca y conformaron la primera agrupaci\u00f3n judicial del pa\u00eds.<\/p>\n\n\n\n<p>En mayo de 2011, mediante la ley 26.674, el Congreso de la Naci\u00f3n declar\u00f3 oficialmente el 16 de noviembre como el \u00abD\u00eda del Trabajador Judicial Argentino\u00bb.<\/p>\n","protected":false},"excerpt":{"rendered":"<p>El Superior Tribunal de Justicia (STJ) del Chaco inform\u00f3 que el viernes 14 de noviembre habr\u00e1 asueto en las seis circunscripciones del Poder Judicial, con motivo del D\u00eda del Empleado Judicial, seg\u00fan lo establecido en el punto primero del acuerdo 3.792\/25. La medida se adopta en conmemoraci\u00f3n del aniversario de la creaci\u00f3n de la Confederaci\u00f3n &hellip;<\/p>\n","protected":false},"author":2,"featured_media":79192,"comment_status":"open","ping_status":"open","sticky":false,"template":"","format":"standard","meta":{"_jetpack_memberships_contains_paid_content":false,"footnotes":"","jetpack_publicize_message":"","jetpack_publicize_feature_enabled":true,"jetpack_social_post_already_shared":true,"jetpack_social_options":{"image_generator_settings":{"template":"highway","default_image_id":0,"font":"","enabled":false},"version":2}},"categories":[5,50],"tags":[],"class_list":["post-114484","post","type-post","status-publish","format-standard","has-post-thumbnail","hentry","category-chaco","category-judiciales"],"jetpack_publicize_connections":[],"jetpack_featured_media_url":"https:\/\/portalmovil.com.ar\/wp-content\/uploads\/2023\/07\/poder-judicialZZZZ-696x522-1.jpg","jetpack_sharing_enabled":true,"amp_enabled":true,"_links":{"self":[{"href":"https:\/\/portalmovil.com.ar\/index.php\/wp-json\/wp\/v2\/posts\/114484","targetHints":{"allow":["GET"]}}],"collection":[{"href":"https:\/\/portalmovil.com.ar\/index.php\/wp-json\/wp\/v2\/posts"}],"about":[{"href":"https:\/\/portalmovil.com.ar\/index.php\/wp-json\/wp\/v2\/types\/post"}],"author":[{"embeddable":true,"href":"https:\/\/portalmovil.com.ar\/index.php\/wp-json\/wp\/v2\/users\/2"}],"replies":[{"embeddable":true,"href":"https:\/\/portalmovil.com.ar\/index.php\/wp-json\/wp\/v2\/comments?post=114484"}],"version-history":[{"count":1,"href":"https:\/\/portalmovil.com.ar\/index.php\/wp-json\/wp\/v2\/posts\/114484\/revisions"}],"predecessor-version":[{"id":114485,"href":"https:\/\/portalmovil.com.ar\/index.php\/wp-json\/wp\/v2\/posts\/114484\/revisions\/114485"}],"wp:featuredmedia":[{"embeddable":true,"href":"https:\/\/portalmovil.com.ar\/index.php\/wp-json\/wp\/v2\/media\/79192"}],"wp:attachment":[{"href":"https:\/\/portalmovil.com.ar\/index.php\/wp-json\/wp\/v2\/media?parent=114484"}],"wp:term":[{"taxonomy":"category","embeddable":true,"href":"https:\/\/portalmovil.com.ar\/index.php\/wp-json\/wp\/v2\/categories?post=114484"},{"taxonomy":"post_tag","embeddable":true,"href":"https:\/\/portalmovil.com.ar\/index.php\/wp-json\/wp\/v2\/tags?post=114484"}],"curies":[{"name":"wp","href":"https:\/\/api.w.org\/{rel}","templated":true}]}}