{"id":114376,"date":"2025-11-10T10:13:35","date_gmt":"2025-11-10T13:13:35","guid":{"rendered":"https:\/\/portalmovil.com.ar\/?p=114376"},"modified":"2025-11-10T10:13:38","modified_gmt":"2025-11-10T13:13:38","slug":"marcela-acuna-pidio-proteccion-judicial-tras-denunciar-maltratos-en-el-penal","status":"publish","type":"post","link":"https:\/\/portalmovil.com.ar\/index.php\/2025\/11\/10\/marcela-acuna-pidio-proteccion-judicial-tras-denunciar-maltratos-en-el-penal\/","title":{"rendered":"Marcela Acu\u00f1a pidi\u00f3 protecci\u00f3n judicial tras denunciar maltratos en el penal"},"content":{"rendered":"\n<p>Marcela Ver\u00f3nica Acu\u00f1a, dirigente social y una de las imputadas por el femicidio de Cecilia Strzyzowski, denunci\u00f3 ser v\u00edctima de maltratos y amenazas dentro de la Unidad Penitenciaria N\u00b01 de Mujeres de Resistencia.<\/p>\n\n\n\n<p>Acu\u00f1a asegur\u00f3 que una compa\u00f1era fue golpeada por personal penitenciario y que intentaron hacerla firmar una declaraci\u00f3n falsa para perjudicarla. Sostuvo que su vida corre peligro y pidi\u00f3 ser trasladada o recibir protecci\u00f3n judicial.<\/p>\n\n\n\n<p>En una llamada a su hermana, la acusada denunci\u00f3 \u201ccorrupci\u00f3n\u201d y \u201cabusos\u201d dentro del penal, e incluso mencion\u00f3 la existencia de \u201clavado de dinero y prostituci\u00f3n encubierta\u201d.<\/p>\n\n\n\n<p>Adem\u00e1s, present\u00f3 una denuncia formal contra fiscales, la jueza del caso, el ministro de Seguridad Hugo Matcovich y el gobernador Leandro Zdero, a quienes acus\u00f3 de injerencia pol\u00edtica. Tambi\u00e9n pidi\u00f3 investigar a Gloria Romero, madre de Cecilia Strzyzowski, por supuestas amenazas.<\/p>\n\n\n\n<p>Acu\u00f1a anunci\u00f3 que iniciar\u00e1 una huelga de hambre en protesta por sus condiciones de detenci\u00f3n y reclam\u00f3 la intervenci\u00f3n del Comit\u00e9 de Prevenci\u00f3n de la Tortura.<\/p>\n","protected":false},"excerpt":{"rendered":"<p>Marcela Ver\u00f3nica Acu\u00f1a, dirigente social y una de las imputadas por el femicidio de Cecilia Strzyzowski, denunci\u00f3 ser v\u00edctima de maltratos y amenazas dentro de la Unidad Penitenciaria N\u00b01 de Mujeres de Resistencia. Acu\u00f1a asegur\u00f3 que una compa\u00f1era fue golpeada por personal penitenciario y que intentaron hacerla firmar una declaraci\u00f3n falsa para perjudicarla. Sostuvo que &hellip;<\/p>\n","protected":false},"author":2,"featured_media":114377,"comment_status":"open","ping_status":"open","sticky":false,"template":"","format":"standard","meta":{"_jetpack_memberships_contains_paid_content":false,"footnotes":"","jetpack_publicize_message":"","jetpack_publicize_feature_enabled":true,"jetpack_social_post_already_shared":true,"jetpack_social_options":{"image_generator_settings":{"template":"highway","default_image_id":0,"font":"","enabled":false},"version":2}},"categories":[5,50],"tags":[],"class_list":["post-114376","post","type-post","status-publish","format-standard","has-post-thumbnail","hentry","category-chaco","category-judiciales"],"jetpack_publicize_connections":[],"jetpack_featured_media_url":"https:\/\/portalmovil.com.ar\/wp-content\/uploads\/2025\/11\/IMG-20251110-WA0022-780x470-1.webp","jetpack_sharing_enabled":true,"amp_enabled":true,"_links":{"self":[{"href":"https:\/\/portalmovil.com.ar\/index.php\/wp-json\/wp\/v2\/posts\/114376","targetHints":{"allow":["GET"]}}],"collection":[{"href":"https:\/\/portalmovil.com.ar\/index.php\/wp-json\/wp\/v2\/posts"}],"about":[{"href":"https:\/\/portalmovil.com.ar\/index.php\/wp-json\/wp\/v2\/types\/post"}],"author":[{"embeddable":true,"href":"https:\/\/portalmovil.com.ar\/index.php\/wp-json\/wp\/v2\/users\/2"}],"replies":[{"embeddable":true,"href":"https:\/\/portalmovil.com.ar\/index.php\/wp-json\/wp\/v2\/comments?post=114376"}],"version-history":[{"count":1,"href":"https:\/\/portalmovil.com.ar\/index.php\/wp-json\/wp\/v2\/posts\/114376\/revisions"}],"predecessor-version":[{"id":114378,"href":"https:\/\/portalmovil.com.ar\/index.php\/wp-json\/wp\/v2\/posts\/114376\/revisions\/114378"}],"wp:featuredmedia":[{"embeddable":true,"href":"https:\/\/portalmovil.com.ar\/index.php\/wp-json\/wp\/v2\/media\/114377"}],"wp:attachment":[{"href":"https:\/\/portalmovil.com.ar\/index.php\/wp-json\/wp\/v2\/media?parent=114376"}],"wp:term":[{"taxonomy":"category","embeddable":true,"href":"https:\/\/portalmovil.com.ar\/index.php\/wp-json\/wp\/v2\/categories?post=114376"},{"taxonomy":"post_tag","embeddable":true,"href":"https:\/\/portalmovil.com.ar\/index.php\/wp-json\/wp\/v2\/tags?post=114376"}],"curies":[{"name":"wp","href":"https:\/\/api.w.org\/{rel}","templated":true}]}}