{"id":114353,"date":"2025-11-09T10:12:32","date_gmt":"2025-11-09T13:12:32","guid":{"rendered":"https:\/\/portalmovil.com.ar\/?p=114353"},"modified":"2025-11-09T10:12:34","modified_gmt":"2025-11-09T13:12:34","slug":"corrientes-un-joven-desaparecido-pidio-ayuda-en-una-iglesia-y-fue-rescatado","status":"publish","type":"post","link":"https:\/\/portalmovil.com.ar\/index.php\/2025\/11\/09\/corrientes-un-joven-desaparecido-pidio-ayuda-en-una-iglesia-y-fue-rescatado\/","title":{"rendered":"Corrientes: un joven desaparecido pidi\u00f3 ayuda en una iglesia y fue rescatado"},"content":{"rendered":"\n<p>Un adolescente de 13 a\u00f1os que hab\u00eda sido reportado como desaparecido en la ciudad de Corrientes fue hallado durante la madrugada de este domingo en la capital chaque\u00f1a. Seg\u00fan inform\u00f3 la Polic\u00eda del Chaco, el menor fue localizado en el barrio La Rubita de Resistencia, tras presentarse en una iglesia evang\u00e9lica en busca de ayuda luego de perderse en la v\u00eda p\u00fablica.<\/p>\n\n\n\n<p>El caso comenz\u00f3 el s\u00e1bado al mediod\u00eda, cuando el padre del joven radic\u00f3 la denuncia en la Comisar\u00eda de la Mujer y el Menor de Corrientes al notar su ausencia prolongada. Durante la madrugada, un llamado al sistema 911 chaque\u00f1o alert\u00f3 sobre la presencia de un adolescente que deambulaba desorientado por avenida Castelli. Los agentes acudieron al lugar y, gracias al testimonio de vecinos, lograron dar con el menor.<\/p>\n\n\n\n<p>Una vez ubicado, el chico fue trasladado a la Divisi\u00f3n Medicina Legal para su revisi\u00f3n m\u00e9dica, donde se constat\u00f3 que se encontraba en buen estado de salud. Posteriormente, qued\u00f3 bajo resguardo policial, mientras las autoridades de Chaco y Corrientes coordinan los pasos para su restituci\u00f3n familiar.<\/p>\n\n\n\n<p>En paralelo, la Comisar\u00eda de la Mujer y el Menor llev\u00f3 adelante las diligencias correspondientes e inform\u00f3 del hallazgo a la Unidad Fiscal interviniente, que seguir\u00e1 de cerca el caso. El hallazgo gener\u00f3 alivio en la familia del menor, que aguardaba su regreso desde la capital correntina.<\/p>\n","protected":false},"excerpt":{"rendered":"<p>Un adolescente de 13 a\u00f1os que hab\u00eda sido reportado como desaparecido en la ciudad de Corrientes fue hallado durante la madrugada de este domingo en la capital chaque\u00f1a. Seg\u00fan inform\u00f3 la Polic\u00eda del Chaco, el menor fue localizado en el barrio La Rubita de Resistencia, tras presentarse en una iglesia evang\u00e9lica en busca de ayuda &hellip;<\/p>\n","protected":false},"author":2,"featured_media":114354,"comment_status":"open","ping_status":"open","sticky":false,"template":"","format":"standard","meta":{"_jetpack_memberships_contains_paid_content":false,"footnotes":"","jetpack_publicize_message":"","jetpack_publicize_feature_enabled":true,"jetpack_social_post_already_shared":true,"jetpack_social_options":{"image_generator_settings":{"template":"highway","default_image_id":0,"font":"","enabled":false},"version":2}},"categories":[5,8],"tags":[],"class_list":["post-114353","post","type-post","status-publish","format-standard","has-post-thumbnail","hentry","category-chaco","category-policiales"],"jetpack_publicize_connections":[],"jetpack_featured_media_url":"https:\/\/portalmovil.com.ar\/wp-content\/uploads\/2025\/11\/FB_IMG_1762693929650.jpg","jetpack_sharing_enabled":true,"amp_enabled":true,"_links":{"self":[{"href":"https:\/\/portalmovil.com.ar\/index.php\/wp-json\/wp\/v2\/posts\/114353","targetHints":{"allow":["GET"]}}],"collection":[{"href":"https:\/\/portalmovil.com.ar\/index.php\/wp-json\/wp\/v2\/posts"}],"about":[{"href":"https:\/\/portalmovil.com.ar\/index.php\/wp-json\/wp\/v2\/types\/post"}],"author":[{"embeddable":true,"href":"https:\/\/portalmovil.com.ar\/index.php\/wp-json\/wp\/v2\/users\/2"}],"replies":[{"embeddable":true,"href":"https:\/\/portalmovil.com.ar\/index.php\/wp-json\/wp\/v2\/comments?post=114353"}],"version-history":[{"count":1,"href":"https:\/\/portalmovil.com.ar\/index.php\/wp-json\/wp\/v2\/posts\/114353\/revisions"}],"predecessor-version":[{"id":114355,"href":"https:\/\/portalmovil.com.ar\/index.php\/wp-json\/wp\/v2\/posts\/114353\/revisions\/114355"}],"wp:featuredmedia":[{"embeddable":true,"href":"https:\/\/portalmovil.com.ar\/index.php\/wp-json\/wp\/v2\/media\/114354"}],"wp:attachment":[{"href":"https:\/\/portalmovil.com.ar\/index.php\/wp-json\/wp\/v2\/media?parent=114353"}],"wp:term":[{"taxonomy":"category","embeddable":true,"href":"https:\/\/portalmovil.com.ar\/index.php\/wp-json\/wp\/v2\/categories?post=114353"},{"taxonomy":"post_tag","embeddable":true,"href":"https:\/\/portalmovil.com.ar\/index.php\/wp-json\/wp\/v2\/tags?post=114353"}],"curies":[{"name":"wp","href":"https:\/\/api.w.org\/{rel}","templated":true}]}}