{"id":114335,"date":"2025-11-08T09:28:29","date_gmt":"2025-11-08T12:28:29","guid":{"rendered":"https:\/\/portalmovil.com.ar\/?p=114335"},"modified":"2025-11-08T09:28:31","modified_gmt":"2025-11-08T12:28:31","slug":"charadai-detuvieron-a-un-hombre-acusado-de-intento-de-homicidio","status":"publish","type":"post","link":"https:\/\/portalmovil.com.ar\/index.php\/2025\/11\/08\/charadai-detuvieron-a-un-hombre-acusado-de-intento-de-homicidio\/","title":{"rendered":"Charadai: detuvieron a un hombre acusado de intento de homicidio"},"content":{"rendered":"\n<p>Un hombre conocido como \u201cNene\u201d fue detenido en Charadai, acusado de intentar matar a otro individuo.<\/p>\n\n\n\n<p>Durante el procedimiento policial, el sospechoso entreg\u00f3 de forma voluntaria un cuchillo de unos 20 cent\u00edmetros, presuntamente utilizado en el ataque.<\/p>\n\n\n\n<p>La causa fue caratulada como \u201ctentativa de homicidio\u201d, y qued\u00f3 a disposici\u00f3n de la Fiscal\u00eda interviniente.<\/p>\n","protected":false},"excerpt":{"rendered":"<p>Un hombre conocido como \u201cNene\u201d fue detenido en Charadai, acusado de intentar matar a otro individuo. Durante el procedimiento policial, el sospechoso entreg\u00f3 de forma voluntaria un cuchillo de unos 20 cent\u00edmetros, presuntamente utilizado en el ataque. La causa fue caratulada como \u201ctentativa de homicidio\u201d, y qued\u00f3 a disposici\u00f3n de la Fiscal\u00eda interviniente.<\/p>\n","protected":false},"author":2,"featured_media":114336,"comment_status":"open","ping_status":"open","sticky":false,"template":"","format":"standard","meta":{"_jetpack_memberships_contains_paid_content":false,"footnotes":"","jetpack_publicize_message":"","jetpack_publicize_feature_enabled":true,"jetpack_social_post_already_shared":true,"jetpack_social_options":{"image_generator_settings":{"template":"highway","default_image_id":0,"font":"","enabled":false},"version":2}},"categories":[5,8],"tags":[],"class_list":["post-114335","post","type-post","status-publish","format-standard","has-post-thumbnail","hentry","category-chaco","category-policiales"],"jetpack_publicize_connections":[],"jetpack_featured_media_url":"https:\/\/portalmovil.com.ar\/wp-content\/uploads\/2025\/11\/1762604560810.jpg","jetpack_sharing_enabled":true,"amp_enabled":true,"_links":{"self":[{"href":"https:\/\/portalmovil.com.ar\/index.php\/wp-json\/wp\/v2\/posts\/114335","targetHints":{"allow":["GET"]}}],"collection":[{"href":"https:\/\/portalmovil.com.ar\/index.php\/wp-json\/wp\/v2\/posts"}],"about":[{"href":"https:\/\/portalmovil.com.ar\/index.php\/wp-json\/wp\/v2\/types\/post"}],"author":[{"embeddable":true,"href":"https:\/\/portalmovil.com.ar\/index.php\/wp-json\/wp\/v2\/users\/2"}],"replies":[{"embeddable":true,"href":"https:\/\/portalmovil.com.ar\/index.php\/wp-json\/wp\/v2\/comments?post=114335"}],"version-history":[{"count":1,"href":"https:\/\/portalmovil.com.ar\/index.php\/wp-json\/wp\/v2\/posts\/114335\/revisions"}],"predecessor-version":[{"id":114337,"href":"https:\/\/portalmovil.com.ar\/index.php\/wp-json\/wp\/v2\/posts\/114335\/revisions\/114337"}],"wp:featuredmedia":[{"embeddable":true,"href":"https:\/\/portalmovil.com.ar\/index.php\/wp-json\/wp\/v2\/media\/114336"}],"wp:attachment":[{"href":"https:\/\/portalmovil.com.ar\/index.php\/wp-json\/wp\/v2\/media?parent=114335"}],"wp:term":[{"taxonomy":"category","embeddable":true,"href":"https:\/\/portalmovil.com.ar\/index.php\/wp-json\/wp\/v2\/categories?post=114335"},{"taxonomy":"post_tag","embeddable":true,"href":"https:\/\/portalmovil.com.ar\/index.php\/wp-json\/wp\/v2\/tags?post=114335"}],"curies":[{"name":"wp","href":"https:\/\/api.w.org\/{rel}","templated":true}]}}