{"id":114113,"date":"2025-10-26T23:27:10","date_gmt":"2025-10-27T02:27:10","guid":{"rendered":"https:\/\/portalmovil.com.ar\/?p=114113"},"modified":"2025-10-26T23:27:12","modified_gmt":"2025-10-27T02:27:12","slug":"virginia-gallardo-ex-reina-de-las-verduras-electa-diputada-nacional","status":"publish","type":"post","link":"https:\/\/portalmovil.com.ar\/index.php\/2025\/10\/26\/virginia-gallardo-ex-reina-de-las-verduras-electa-diputada-nacional\/","title":{"rendered":"Virginia Gallardo, ex Reina de las Verduras, electa Diputada Nacional"},"content":{"rendered":"\n<p>Gallardo, oriunda de la ciudad de Corrientes, apost\u00f3 por una incursi\u00f3n pol\u00edtica en un terreno donde su reconocimiento medi\u00e1tico le permiti\u00f3 instalar un perfil distinto dentro del espacio libertario. Este domingo 26, la modelo obtuvo los votos necesarios.&nbsp;Seg\u00fan Alfredo D\u00edaz Florentin.<\/p>\n\n\n\n<p>\u00abMi vida cambiar\u00e1, nadie me bajar\u00e1 l\u00ednea. Hago y digo lo que quiero\u00bb, expres\u00f3 esta tarde tras votar en Riachuelo. Ser\u00e1 su primera experiencia en C\u00e1mara Baja.<\/p>\n\n\n\n<p>Virginia naci\u00f3 el 25 de octubre de 1987. Curs\u00f3 la carrera de Contadora P\u00fablica en la Universidad Nacional del Nordeste, aunque no la finaliz\u00f3. Su trayectoria ante el ojo p\u00fablico comenz\u00f3 en los carnavales correntinos, donde fue elegida Reina Nacional del Carnaval en 2007.&nbsp;<\/p>\n\n\n\n<p>Tambi\u00e9n obtuvo otros t\u00edtulos como Reina Nacional de la Naranja en Bella Vista (2003) y Reina Nacional de la Sand\u00eda en Esquina. \u00abEso es representaci\u00f3n local\u00bb, hab\u00eda dicho hace poco m\u00e1s de dos meses.<\/p>\n\n\n\n<p>A nivel nacional, se destac\u00f3 en televisi\u00f3n por su participaci\u00f3n en Showmatch: Bailando por un Sue\u00f1o y por su papel en la serie Todas a M\u00ed (2011), junto a Marcelo De Bellis. En 2011 recibi\u00f3 el premio \u00abChica del Verano\u00bb en los Premios VOS de Carlos Paz. Luego, particip\u00f3 de varios ciclos.<\/p>\n","protected":false},"excerpt":{"rendered":"<p>Gallardo, oriunda de la ciudad de Corrientes, apost\u00f3 por una incursi\u00f3n pol\u00edtica en un terreno donde su reconocimiento medi\u00e1tico le permiti\u00f3 instalar un perfil distinto dentro del espacio libertario. Este domingo 26, la modelo obtuvo los votos necesarios.&nbsp;Seg\u00fan Alfredo D\u00edaz Florentin. \u00abMi vida cambiar\u00e1, nadie me bajar\u00e1 l\u00ednea. Hago y digo lo que quiero\u00bb, expres\u00f3 &hellip;<\/p>\n","protected":false},"author":2,"featured_media":114114,"comment_status":"open","ping_status":"open","sticky":false,"template":"","format":"standard","meta":{"_jetpack_memberships_contains_paid_content":false,"footnotes":"","jetpack_publicize_message":"","jetpack_publicize_feature_enabled":true,"jetpack_social_post_already_shared":true,"jetpack_social_options":{"image_generator_settings":{"template":"highway","default_image_id":0,"font":"","enabled":false},"version":2}},"categories":[639,14],"tags":[],"class_list":["post-114113","post","type-post","status-publish","format-standard","has-post-thumbnail","hentry","category-argentina","category-politica"],"jetpack_publicize_connections":[],"jetpack_featured_media_url":"https:\/\/portalmovil.com.ar\/wp-content\/uploads\/2025\/10\/virginia-gallardo-recibio-muchas-criticas-por-su-relacion-con-ricardo-fort-foto-pronto-C4U5LME5JBDPPNCWDHRPKYNFCE.jpg","jetpack_sharing_enabled":true,"amp_enabled":true,"_links":{"self":[{"href":"https:\/\/portalmovil.com.ar\/index.php\/wp-json\/wp\/v2\/posts\/114113","targetHints":{"allow":["GET"]}}],"collection":[{"href":"https:\/\/portalmovil.com.ar\/index.php\/wp-json\/wp\/v2\/posts"}],"about":[{"href":"https:\/\/portalmovil.com.ar\/index.php\/wp-json\/wp\/v2\/types\/post"}],"author":[{"embeddable":true,"href":"https:\/\/portalmovil.com.ar\/index.php\/wp-json\/wp\/v2\/users\/2"}],"replies":[{"embeddable":true,"href":"https:\/\/portalmovil.com.ar\/index.php\/wp-json\/wp\/v2\/comments?post=114113"}],"version-history":[{"count":1,"href":"https:\/\/portalmovil.com.ar\/index.php\/wp-json\/wp\/v2\/posts\/114113\/revisions"}],"predecessor-version":[{"id":114115,"href":"https:\/\/portalmovil.com.ar\/index.php\/wp-json\/wp\/v2\/posts\/114113\/revisions\/114115"}],"wp:featuredmedia":[{"embeddable":true,"href":"https:\/\/portalmovil.com.ar\/index.php\/wp-json\/wp\/v2\/media\/114114"}],"wp:attachment":[{"href":"https:\/\/portalmovil.com.ar\/index.php\/wp-json\/wp\/v2\/media?parent=114113"}],"wp:term":[{"taxonomy":"category","embeddable":true,"href":"https:\/\/portalmovil.com.ar\/index.php\/wp-json\/wp\/v2\/categories?post=114113"},{"taxonomy":"post_tag","embeddable":true,"href":"https:\/\/portalmovil.com.ar\/index.php\/wp-json\/wp\/v2\/tags?post=114113"}],"curies":[{"name":"wp","href":"https:\/\/api.w.org\/{rel}","templated":true}]}}