{"id":113855,"date":"2025-10-20T08:35:51","date_gmt":"2025-10-20T11:35:51","guid":{"rendered":"https:\/\/portalmovil.com.ar\/?p=113855"},"modified":"2025-10-20T08:35:53","modified_gmt":"2025-10-20T11:35:53","slug":"por-baja-de-ventas-en-supermercados-cayo-44-el-consumo-masivo-de-septiembre","status":"publish","type":"post","link":"https:\/\/portalmovil.com.ar\/index.php\/2025\/10\/20\/por-baja-de-ventas-en-supermercados-cayo-44-el-consumo-masivo-de-septiembre\/","title":{"rendered":"Por baja de ventas en supermercados, cay\u00f3 4,4% el consumo masivo de septiembre"},"content":{"rendered":"\n<p>Luego de que se conociera un descenso en septiembre de las ventas minoristas pyme, un estudio relev\u00f3 una ca\u00edda del 4,4% interanual del consumo masivo, determinado por una reducci\u00f3n de la actividad en supermercados de cadena (-4,4%) y en farmacias (-1,8%). Una importante firma anunci\u00f3 medidas de ajuste en tres provincias.<\/p>\n\n\n\n<p>Los supermercados contin\u00faan sufriendo la reducci\u00f3n del consumo y los cambios de h\u00e1bito de los compradores. Tambi\u00e9n se contrajo la actividad en farmacias. En contrapartida, hubo un buen desempe\u00f1o del e-commerce y autoservicios independientes.<\/p>\n\n\n\n<p>El relevamiento fue difundido en el \u00faltimo informe de la consultora especializada Scentia, que tambi\u00e9n indic\u00f3 que septiembre del 2025 tuvo un saldo negativo con respecto a agosto del mismo a\u00f1o: una ca\u00edda del 3,7% en un mes, nuevamente con una fuerte incidencia del retroceso en supermercados, en torno al 5,9%. A\u00fan as\u00ed, los primeros nueve meses del a\u00f1o tuvieron un crecimiento del 1,8% si se los compara con el mismo per\u00edodo del 2024.<a href=\"https:\/\/www.facebook.com\/sharer.php?u=https%3A%2F%2Fchacodiapordia.com%2Fpor-baja-de-ventas-en-supermercados-cayo-44-el-consumo-masivo-de-septiembre%2F\" target=\"_blank\" rel=\"noreferrer noopener\"><\/a><\/p>\n","protected":false},"excerpt":{"rendered":"<p>Luego de que se conociera un descenso en septiembre de las ventas minoristas pyme, un estudio relev\u00f3 una ca\u00edda del 4,4% interanual del consumo masivo, determinado por una reducci\u00f3n de la actividad en supermercados de cadena (-4,4%) y en farmacias (-1,8%). Una importante firma anunci\u00f3 medidas de ajuste en tres provincias. Los supermercados contin\u00faan sufriendo &hellip;<\/p>\n","protected":false},"author":2,"featured_media":113643,"comment_status":"open","ping_status":"open","sticky":false,"template":"","format":"standard","meta":{"_jetpack_memberships_contains_paid_content":false,"footnotes":"","jetpack_publicize_message":"","jetpack_publicize_feature_enabled":true,"jetpack_social_post_already_shared":true,"jetpack_social_options":{"image_generator_settings":{"template":"highway","default_image_id":0,"font":"","enabled":false},"version":2}},"categories":[175],"tags":[],"class_list":["post-113855","post","type-post","status-publish","format-standard","has-post-thumbnail","hentry","category-economia"],"jetpack_publicize_connections":[],"jetpack_featured_media_url":"https:\/\/portalmovil.com.ar\/wp-content\/uploads\/2025\/10\/IMG-20251014-WA0108.jpg","jetpack_sharing_enabled":true,"amp_enabled":true,"_links":{"self":[{"href":"https:\/\/portalmovil.com.ar\/index.php\/wp-json\/wp\/v2\/posts\/113855","targetHints":{"allow":["GET"]}}],"collection":[{"href":"https:\/\/portalmovil.com.ar\/index.php\/wp-json\/wp\/v2\/posts"}],"about":[{"href":"https:\/\/portalmovil.com.ar\/index.php\/wp-json\/wp\/v2\/types\/post"}],"author":[{"embeddable":true,"href":"https:\/\/portalmovil.com.ar\/index.php\/wp-json\/wp\/v2\/users\/2"}],"replies":[{"embeddable":true,"href":"https:\/\/portalmovil.com.ar\/index.php\/wp-json\/wp\/v2\/comments?post=113855"}],"version-history":[{"count":1,"href":"https:\/\/portalmovil.com.ar\/index.php\/wp-json\/wp\/v2\/posts\/113855\/revisions"}],"predecessor-version":[{"id":113856,"href":"https:\/\/portalmovil.com.ar\/index.php\/wp-json\/wp\/v2\/posts\/113855\/revisions\/113856"}],"wp:featuredmedia":[{"embeddable":true,"href":"https:\/\/portalmovil.com.ar\/index.php\/wp-json\/wp\/v2\/media\/113643"}],"wp:attachment":[{"href":"https:\/\/portalmovil.com.ar\/index.php\/wp-json\/wp\/v2\/media?parent=113855"}],"wp:term":[{"taxonomy":"category","embeddable":true,"href":"https:\/\/portalmovil.com.ar\/index.php\/wp-json\/wp\/v2\/categories?post=113855"},{"taxonomy":"post_tag","embeddable":true,"href":"https:\/\/portalmovil.com.ar\/index.php\/wp-json\/wp\/v2\/tags?post=113855"}],"curies":[{"name":"wp","href":"https:\/\/api.w.org\/{rel}","templated":true}]}}