{"id":113698,"date":"2025-10-16T09:20:29","date_gmt":"2025-10-16T12:20:29","guid":{"rendered":"https:\/\/portalmovil.com.ar\/?p=113698"},"modified":"2025-10-16T09:20:31","modified_gmt":"2025-10-16T12:20:31","slug":"rescataron-a-15-personas-victimas-de-una-red-de-trata-en-corrientes","status":"publish","type":"post","link":"https:\/\/portalmovil.com.ar\/index.php\/2025\/10\/16\/rescataron-a-15-personas-victimas-de-una-red-de-trata-en-corrientes\/","title":{"rendered":"Rescataron a 15 personas v\u00edctimas de una red de trata en Corrientes"},"content":{"rendered":"\n<p>Quince personas fueron rescatadas en las \u00faltimas horas en un operativo contra la trata laboral realizado en las localidades de Lavalle y Santa Luc\u00eda de Corrientes. Entre las v\u00edctimas hab\u00eda dos integrantes de la comunidad Qom, provenientes de Formosa, que no hablaban espa\u00f1ol, y cinco trabajadores originarios de Mendoza. El resto eran habitantes de la zona rural de Lavalle.<\/p>\n\n\n\n<p>El procedimiento fue ordenado por la jueza federal de Goya, Cristina Pozzer Penzo, y cont\u00f3 con la intervenci\u00f3n del fiscal Mariano De Guzm\u00e1n. El principal sospechoso es un productor local identificado como Eusebio Torres, quien ser\u00eda el propietario de los establecimientos donde se hallaron a los trabajadores en condiciones infrahumanas.<\/p>\n\n\n\n<p>Durante los allanamientos se secuestraron una camioneta Toyota Hilux, dinero en efectivo, tel\u00e9fonos celulares, dispositivos electr\u00f3nicos y documentaci\u00f3n de inter\u00e9s para la causa.<\/p>\n\n\n\n<p>La investigaci\u00f3n se inici\u00f3 tras una denuncia presentada ante la Unidad de Investigaciones de Delitos Complejos y Procedimientos Judiciales \u00abGoya\u00bb de la Gendarmer\u00eda Nacional, que alert\u00f3 sobre posibles situaciones de explotaci\u00f3n laboral en zonas rurales de Lavalle. La Fiscal\u00eda Federal de Goya orden\u00f3 una serie de tareas investigativas para corroborar los hechos.<\/p>\n\n\n\n<p>En el operativo intervinieron efectivos de Gendarmer\u00eda Nacional, profesionales del Programa de Rescate y Acompa\u00f1amiento a las V\u00edctimas de Trata de Personas, integrantes del Comit\u00e9 Ejecutivo de Lucha contra la Trata (Delegaci\u00f3n NEA), y personal de la Direcci\u00f3n Nacional de Migraciones, AFIP-DGI, Ministerio de Trabajo, UATRE, y el Registro Nacional de Trabajadores Rurales y Empleados de Corrientes.<\/p>\n\n\n\n<p>Las v\u00edctimas fueron asistidas y puestas bajo resguardo por los equipos especializados, mientras la Justicia avanza con la investigaci\u00f3n para determinar la responsabilidad penal de los implicados.<\/p>\n","protected":false},"excerpt":{"rendered":"<p>Quince personas fueron rescatadas en las \u00faltimas horas en un operativo contra la trata laboral realizado en las localidades de Lavalle y Santa Luc\u00eda de Corrientes. Entre las v\u00edctimas hab\u00eda dos integrantes de la comunidad Qom, provenientes de Formosa, que no hablaban espa\u00f1ol, y cinco trabajadores originarios de Mendoza. El resto eran habitantes de la &hellip;<\/p>\n","protected":false},"author":2,"featured_media":113699,"comment_status":"open","ping_status":"open","sticky":false,"template":"","format":"standard","meta":{"_jetpack_memberships_contains_paid_content":false,"footnotes":"","jetpack_publicize_message":"","jetpack_publicize_feature_enabled":true,"jetpack_social_post_already_shared":true,"jetpack_social_options":{"image_generator_settings":{"template":"highway","default_image_id":0,"font":"","enabled":false},"version":2}},"categories":[8],"tags":[],"class_list":["post-113698","post","type-post","status-publish","format-standard","has-post-thumbnail","hentry","category-policiales"],"jetpack_publicize_connections":[],"jetpack_featured_media_url":"https:\/\/portalmovil.com.ar\/wp-content\/uploads\/2025\/10\/WhatsApp-Image-2025-10-15-at-19.52.34.jpeg","jetpack_sharing_enabled":true,"amp_enabled":true,"_links":{"self":[{"href":"https:\/\/portalmovil.com.ar\/index.php\/wp-json\/wp\/v2\/posts\/113698","targetHints":{"allow":["GET"]}}],"collection":[{"href":"https:\/\/portalmovil.com.ar\/index.php\/wp-json\/wp\/v2\/posts"}],"about":[{"href":"https:\/\/portalmovil.com.ar\/index.php\/wp-json\/wp\/v2\/types\/post"}],"author":[{"embeddable":true,"href":"https:\/\/portalmovil.com.ar\/index.php\/wp-json\/wp\/v2\/users\/2"}],"replies":[{"embeddable":true,"href":"https:\/\/portalmovil.com.ar\/index.php\/wp-json\/wp\/v2\/comments?post=113698"}],"version-history":[{"count":1,"href":"https:\/\/portalmovil.com.ar\/index.php\/wp-json\/wp\/v2\/posts\/113698\/revisions"}],"predecessor-version":[{"id":113700,"href":"https:\/\/portalmovil.com.ar\/index.php\/wp-json\/wp\/v2\/posts\/113698\/revisions\/113700"}],"wp:featuredmedia":[{"embeddable":true,"href":"https:\/\/portalmovil.com.ar\/index.php\/wp-json\/wp\/v2\/media\/113699"}],"wp:attachment":[{"href":"https:\/\/portalmovil.com.ar\/index.php\/wp-json\/wp\/v2\/media?parent=113698"}],"wp:term":[{"taxonomy":"category","embeddable":true,"href":"https:\/\/portalmovil.com.ar\/index.php\/wp-json\/wp\/v2\/categories?post=113698"},{"taxonomy":"post_tag","embeddable":true,"href":"https:\/\/portalmovil.com.ar\/index.php\/wp-json\/wp\/v2\/tags?post=113698"}],"curies":[{"name":"wp","href":"https:\/\/api.w.org\/{rel}","templated":true}]}}