{"id":113365,"date":"2025-10-07T16:56:36","date_gmt":"2025-10-07T19:56:36","guid":{"rendered":"https:\/\/portalmovil.com.ar\/?p=113365"},"modified":"2025-10-07T16:56:40","modified_gmt":"2025-10-07T19:56:40","slug":"imputaron-al-diputado-oficialista-jose-luis-espert-por-presunto-lavado-de-dinero","status":"publish","type":"post","link":"https:\/\/portalmovil.com.ar\/index.php\/2025\/10\/07\/imputaron-al-diputado-oficialista-jose-luis-espert-por-presunto-lavado-de-dinero\/","title":{"rendered":"Imputaron al diputado oficialista Jos\u00e9 Luis Espert por presunto lavado de dinero"},"content":{"rendered":"\n<p><strong>El fiscal Federico Dom\u00ednguez promovi\u00f3 una investigaci\u00f3n penal contra el diputado nacional, que renunci\u00f3 el domingo a su candidatura por la Alianza La Libertad Avanza en la provincia de Buenos Aires.<\/strong><\/p>\n\n\n\n<p>El diputado nacional Jos\u00e9 Luis Espert fue imputado por lavado de dinero, en la causa iniciada por el dirigente Juan Grabois. Fue en el marco de la investigaci\u00f3n sobre el orige de los u$s200.000 que el excandidato de La Libertad Avanza cobr\u00f3 en 2020 de Federico \u201cFred\u201d Machado, el empresario que ser\u00e1 extraditado a Estados Unidos tras la decisi\u00f3n de la Corte Suprema.<\/p>\n\n\n\n<p>La justicia norteamericana reclama a Machado para ser juzgado por una serie de cargos que incluyen conspiraci\u00f3n para el narcotr\u00e1fico, el lavado de dinero y la estafa.<\/p>\n","protected":false},"excerpt":{"rendered":"<p>El fiscal Federico Dom\u00ednguez promovi\u00f3 una investigaci\u00f3n penal contra el diputado nacional, que renunci\u00f3 el domingo a su candidatura por la Alianza La Libertad Avanza en la provincia de Buenos Aires. El diputado nacional Jos\u00e9 Luis Espert fue imputado por lavado de dinero, en la causa iniciada por el dirigente Juan Grabois. Fue en el &hellip;<\/p>\n","protected":false},"author":2,"featured_media":113086,"comment_status":"open","ping_status":"open","sticky":false,"template":"","format":"standard","meta":{"_jetpack_memberships_contains_paid_content":false,"footnotes":"","jetpack_publicize_message":"","jetpack_publicize_feature_enabled":true,"jetpack_social_post_already_shared":true,"jetpack_social_options":{"image_generator_settings":{"template":"highway","default_image_id":0,"font":"","enabled":false},"version":2}},"categories":[639,50],"tags":[],"class_list":["post-113365","post","type-post","status-publish","format-standard","has-post-thumbnail","hentry","category-argentina","category-judiciales"],"jetpack_publicize_connections":[],"jetpack_featured_media_url":"https:\/\/portalmovil.com.ar\/wp-content\/uploads\/2025\/09\/espert-y-milei.jpg","jetpack_sharing_enabled":true,"amp_enabled":true,"_links":{"self":[{"href":"https:\/\/portalmovil.com.ar\/index.php\/wp-json\/wp\/v2\/posts\/113365","targetHints":{"allow":["GET"]}}],"collection":[{"href":"https:\/\/portalmovil.com.ar\/index.php\/wp-json\/wp\/v2\/posts"}],"about":[{"href":"https:\/\/portalmovil.com.ar\/index.php\/wp-json\/wp\/v2\/types\/post"}],"author":[{"embeddable":true,"href":"https:\/\/portalmovil.com.ar\/index.php\/wp-json\/wp\/v2\/users\/2"}],"replies":[{"embeddable":true,"href":"https:\/\/portalmovil.com.ar\/index.php\/wp-json\/wp\/v2\/comments?post=113365"}],"version-history":[{"count":1,"href":"https:\/\/portalmovil.com.ar\/index.php\/wp-json\/wp\/v2\/posts\/113365\/revisions"}],"predecessor-version":[{"id":113366,"href":"https:\/\/portalmovil.com.ar\/index.php\/wp-json\/wp\/v2\/posts\/113365\/revisions\/113366"}],"wp:featuredmedia":[{"embeddable":true,"href":"https:\/\/portalmovil.com.ar\/index.php\/wp-json\/wp\/v2\/media\/113086"}],"wp:attachment":[{"href":"https:\/\/portalmovil.com.ar\/index.php\/wp-json\/wp\/v2\/media?parent=113365"}],"wp:term":[{"taxonomy":"category","embeddable":true,"href":"https:\/\/portalmovil.com.ar\/index.php\/wp-json\/wp\/v2\/categories?post=113365"},{"taxonomy":"post_tag","embeddable":true,"href":"https:\/\/portalmovil.com.ar\/index.php\/wp-json\/wp\/v2\/tags?post=113365"}],"curies":[{"name":"wp","href":"https:\/\/api.w.org\/{rel}","templated":true}]}}