{"id":113350,"date":"2025-10-07T10:35:52","date_gmt":"2025-10-07T13:35:52","guid":{"rendered":"https:\/\/portalmovil.com.ar\/?p=113350"},"modified":"2025-10-07T10:35:55","modified_gmt":"2025-10-07T13:35:55","slug":"barranqueras-un-hombre-fue-detenido-por-circular-con-un-arma-de-fuego","status":"publish","type":"post","link":"https:\/\/portalmovil.com.ar\/index.php\/2025\/10\/07\/barranqueras-un-hombre-fue-detenido-por-circular-con-un-arma-de-fuego\/","title":{"rendered":"Barranqueras: un hombre fue detenido por circular con un arma de fuego"},"content":{"rendered":"\n<p>El personal del Grupo Motorizado del Departamento Infanter\u00eda aprehendi\u00f3 a un sujeto que circulaba por avenida San Mart\u00edn portando un arma calibre 9 mm.<\/p>\n\n\n\n<p>El procedimiento se desarroll\u00f3 alrededor de las 23:06 de este lunes, en el marco de las recorridas preventivas que realizaban los efectivos del Grupo Motorizado del Departamento Infanter\u00eda, dependiente de la Direcci\u00f3n General de Abordaje Territorial, en la zona portuaria de Barranqueras.<\/p>\n\n\n\n<p>Las tareas se reforzaron tras un hecho ocurrido en calle Fort\u00edn Los Pozos y Timb\u00f3, jurisdicci\u00f3n de la Comisar\u00eda Tercera, donde dos hombres que se movilizaban en una motocicleta habr\u00edan protagonizado un robo, resultando herido de bala en el muslo uno de los involucrados.<\/p>\n\n\n\n<p><br>Durante los patrullajes, en inmediaciones de avenida San Mart\u00edn y Pasteur, los uniformados observaron a una pareja desplaz\u00e1ndose en una motocicleta tipo 110. Al intentar detener la marcha para su identificaci\u00f3n, el acompa\u00f1ante descendi\u00f3 del rodado e intent\u00f3 escapar a pie, siendo r\u00e1pidamente demorado, mientras que el conductor se dio a la fuga.<\/p>\n\n\n\n<p>Tras ser identificado, trat\u00e1ndose de un sujeto de 39 a\u00f1os, detectaron que portaba una pistola marca Browning calibre 9 mm, color gris plata con empu\u00f1adura negra, con su respectivo cargador y dos cartuchos municionados.<\/p>\n\n\n\n<p>El arma fue secuestrada y el hombre fue trasladado a Medicina Legal. Posteriormente fue entregado a la Comisar\u00eda Primera de Barranqueras, donde qued\u00f3 a disposici\u00f3n de la magistratura interviniente.<\/p>\n","protected":false},"excerpt":{"rendered":"<p>El personal del Grupo Motorizado del Departamento Infanter\u00eda aprehendi\u00f3 a un sujeto que circulaba por avenida San Mart\u00edn portando un arma calibre 9 mm. El procedimiento se desarroll\u00f3 alrededor de las 23:06 de este lunes, en el marco de las recorridas preventivas que realizaban los efectivos del Grupo Motorizado del Departamento Infanter\u00eda, dependiente de la &hellip;<\/p>\n","protected":false},"author":2,"featured_media":113351,"comment_status":"open","ping_status":"open","sticky":false,"template":"","format":"standard","meta":{"_jetpack_memberships_contains_paid_content":false,"footnotes":"","jetpack_publicize_message":"","jetpack_publicize_feature_enabled":true,"jetpack_social_post_already_shared":true,"jetpack_social_options":{"image_generator_settings":{"template":"highway","default_image_id":0,"font":"","enabled":false},"version":2}},"categories":[5,8],"tags":[],"class_list":["post-113350","post","type-post","status-publish","format-standard","has-post-thumbnail","hentry","category-chaco","category-policiales"],"jetpack_publicize_connections":[],"jetpack_featured_media_url":"https:\/\/portalmovil.com.ar\/wp-content\/uploads\/2025\/10\/medidetezz.jpg","jetpack_sharing_enabled":true,"amp_enabled":true,"_links":{"self":[{"href":"https:\/\/portalmovil.com.ar\/index.php\/wp-json\/wp\/v2\/posts\/113350","targetHints":{"allow":["GET"]}}],"collection":[{"href":"https:\/\/portalmovil.com.ar\/index.php\/wp-json\/wp\/v2\/posts"}],"about":[{"href":"https:\/\/portalmovil.com.ar\/index.php\/wp-json\/wp\/v2\/types\/post"}],"author":[{"embeddable":true,"href":"https:\/\/portalmovil.com.ar\/index.php\/wp-json\/wp\/v2\/users\/2"}],"replies":[{"embeddable":true,"href":"https:\/\/portalmovil.com.ar\/index.php\/wp-json\/wp\/v2\/comments?post=113350"}],"version-history":[{"count":1,"href":"https:\/\/portalmovil.com.ar\/index.php\/wp-json\/wp\/v2\/posts\/113350\/revisions"}],"predecessor-version":[{"id":113352,"href":"https:\/\/portalmovil.com.ar\/index.php\/wp-json\/wp\/v2\/posts\/113350\/revisions\/113352"}],"wp:featuredmedia":[{"embeddable":true,"href":"https:\/\/portalmovil.com.ar\/index.php\/wp-json\/wp\/v2\/media\/113351"}],"wp:attachment":[{"href":"https:\/\/portalmovil.com.ar\/index.php\/wp-json\/wp\/v2\/media?parent=113350"}],"wp:term":[{"taxonomy":"category","embeddable":true,"href":"https:\/\/portalmovil.com.ar\/index.php\/wp-json\/wp\/v2\/categories?post=113350"},{"taxonomy":"post_tag","embeddable":true,"href":"https:\/\/portalmovil.com.ar\/index.php\/wp-json\/wp\/v2\/tags?post=113350"}],"curies":[{"name":"wp","href":"https:\/\/api.w.org\/{rel}","templated":true}]}}