{"id":113028,"date":"2025-09-29T13:20:07","date_gmt":"2025-09-29T16:20:07","guid":{"rendered":"https:\/\/portalmovil.com.ar\/?p=113028"},"modified":"2025-09-29T13:28:03","modified_gmt":"2025-09-29T16:28:03","slug":"rescataron-a-un-nino-que-deambulaba-solo-por-la-calle-de-puerto-tirol","status":"publish","type":"post","link":"https:\/\/portalmovil.com.ar\/index.php\/2025\/09\/29\/rescataron-a-un-nino-que-deambulaba-solo-por-la-calle-de-puerto-tirol\/","title":{"rendered":"Rescataron a un ni\u00f1o que deambulaba solo por la calle de Puerto Tirol"},"content":{"rendered":"\n<h3 class=\"wp-block-heading\"><strong>Este domingo, un grupo de vecinos del barrio 9 de Julio de Puerto Tirol alertaron a los efectivos sobre un ni\u00f1o que caminaba solo por la v\u00eda p\u00fablica.<\/strong>&nbsp;<\/h3>\n\n\n\n<p><strong>El hecho ocurri\u00f3 cerca de las 16:30 en la intersecci\u00f3n de avenida Santa Fe y calle Pellegrini de la localidad,<\/strong>&nbsp;donde los agentes hallaron al peque\u00f1o y lo trasladaron a la unidad hasta dar con sus familiares.<\/p>\n\n\n\n<p>Minutos despu\u00e9s,&nbsp;<strong>una mujer de se acerc\u00f3 en la dependencia para informar la desaparici\u00f3n de su hijo, y se trataba del menor encontrado.<\/strong><\/p>\n\n\n\n<p><strong>El ni\u00f1o de 3 a\u00f1os fue examinado en el hospital y se confirm\u00f3 que se encontraba en buen estado de salud.<\/strong>&nbsp;Con la intervenci\u00f3n de la L\u00ednea 102, el peque\u00f1o fue entregado a su madre.<\/p>\n","protected":false},"excerpt":{"rendered":"<p>Este domingo, un grupo de vecinos del barrio 9 de Julio de Puerto Tirol alertaron a los efectivos sobre un ni\u00f1o que caminaba solo por la v\u00eda p\u00fablica.&nbsp; El hecho ocurri\u00f3 cerca de las 16:30 en la intersecci\u00f3n de avenida Santa Fe y calle Pellegrini de la localidad,&nbsp;donde los agentes hallaron al peque\u00f1o y lo &hellip;<\/p>\n","protected":false},"author":2,"featured_media":113029,"comment_status":"open","ping_status":"open","sticky":false,"template":"","format":"standard","meta":{"_jetpack_memberships_contains_paid_content":false,"footnotes":"","jetpack_publicize_message":"","jetpack_publicize_feature_enabled":true,"jetpack_social_post_already_shared":true,"jetpack_social_options":{"image_generator_settings":{"template":"highway","default_image_id":0,"font":"","enabled":false},"version":2}},"categories":[5,8],"tags":[],"class_list":["post-113028","post","type-post","status-publish","format-standard","has-post-thumbnail","hentry","category-chaco","category-policiales"],"jetpack_publicize_connections":[],"jetpack_featured_media_url":"https:\/\/portalmovil.com.ar\/wp-content\/uploads\/2025\/09\/182829w440h291c.jpg.webp","jetpack_sharing_enabled":true,"amp_enabled":true,"_links":{"self":[{"href":"https:\/\/portalmovil.com.ar\/index.php\/wp-json\/wp\/v2\/posts\/113028","targetHints":{"allow":["GET"]}}],"collection":[{"href":"https:\/\/portalmovil.com.ar\/index.php\/wp-json\/wp\/v2\/posts"}],"about":[{"href":"https:\/\/portalmovil.com.ar\/index.php\/wp-json\/wp\/v2\/types\/post"}],"author":[{"embeddable":true,"href":"https:\/\/portalmovil.com.ar\/index.php\/wp-json\/wp\/v2\/users\/2"}],"replies":[{"embeddable":true,"href":"https:\/\/portalmovil.com.ar\/index.php\/wp-json\/wp\/v2\/comments?post=113028"}],"version-history":[{"count":1,"href":"https:\/\/portalmovil.com.ar\/index.php\/wp-json\/wp\/v2\/posts\/113028\/revisions"}],"predecessor-version":[{"id":113030,"href":"https:\/\/portalmovil.com.ar\/index.php\/wp-json\/wp\/v2\/posts\/113028\/revisions\/113030"}],"wp:featuredmedia":[{"embeddable":true,"href":"https:\/\/portalmovil.com.ar\/index.php\/wp-json\/wp\/v2\/media\/113029"}],"wp:attachment":[{"href":"https:\/\/portalmovil.com.ar\/index.php\/wp-json\/wp\/v2\/media?parent=113028"}],"wp:term":[{"taxonomy":"category","embeddable":true,"href":"https:\/\/portalmovil.com.ar\/index.php\/wp-json\/wp\/v2\/categories?post=113028"},{"taxonomy":"post_tag","embeddable":true,"href":"https:\/\/portalmovil.com.ar\/index.php\/wp-json\/wp\/v2\/tags?post=113028"}],"curies":[{"name":"wp","href":"https:\/\/api.w.org\/{rel}","templated":true}]}}