{"id":112974,"date":"2025-09-27T12:33:24","date_gmt":"2025-09-27T15:33:24","guid":{"rendered":"https:\/\/portalmovil.com.ar\/?p=112974"},"modified":"2025-09-27T12:33:29","modified_gmt":"2025-09-27T15:33:29","slug":"el-aguante-deportivo-fue-declarado-de-interes-legislativo-por-iniciativa-del-diputado-vargas","status":"publish","type":"post","link":"https:\/\/portalmovil.com.ar\/index.php\/2025\/09\/27\/el-aguante-deportivo-fue-declarado-de-interes-legislativo-por-iniciativa-del-diputado-vargas\/","title":{"rendered":"\u00abEl Aguante Deportivo\u00bb fue declarado de inter\u00e9s legislativo por iniciativa del diputado Vargas"},"content":{"rendered":"\n<p>En el Sal\u00f3n Auditorio \u00abNilda Telma Farr\u00e9 de Vaernet\u00bb se realiz\u00f3 un homenaje al programa radial \u00abEl Aguante Deportivo\u00bb, que recibi\u00f3 la Declaraci\u00f3n de Inter\u00e9s Legislativo y Provincial bajo la Resoluci\u00f3n N\u00b0 842, en reconocimiento a sus 27 a\u00f1os de trayectoria en transmisiones deportivas al servicio de la comunidad.<\/p>\n\n\n\n<p>El proyecto fue impulsado por el diputado Samuel Vargas, quien destac\u00f3 que este programa, nacido el 29 de julio de 1998 y liderado desde sus inicios por Marcelo M\u00e1ntaras, se consolid\u00f3 como el equipo period\u00edstico con la mayor cantidad de transmisiones de f\u00fatbol en la provincia y en la regi\u00f3n.<\/p>\n\n\n\n<p>A lo largo de estas casi tres d\u00e9cadas, \u00abEl Aguante Deportivo\u00bb logr\u00f3 importantes coberturas internacionales, entre ellas el Mundial de F\u00fatbol Qatar 2022 y la Copa Am\u00e9rica 2024 en Estados Unidos, ambas con la Selecci\u00f3n Argentina consagrada campeona.<\/p>\n\n\n\n<p>El diputado Vargas subray\u00f3 que este reconocimiento se otorga al m\u00e9rito y esfuerzo de las personas que trabajan de manera colectiva y brindan un servicio a la comunidad. En ese sentido, resalt\u00f3 que el programa se ha convertido en una verdadera escuela de periodistas deportivos, por su modalidad de trabajo a puertas abiertas y por las oportunidades que ofrece a los j\u00f3venes interesados en formarse en la profesi\u00f3n.<\/p>\n\n\n\n<p>Durante el acto acompa\u00f1aron al diputado Vargas el prosecretario t\u00e9cnico legislativo Julio Salcedo; el subsecretario de Deportes de la Municipalidad de Resistencia, Fabi\u00e1n Maffei; y el presidente de la Liga Chaque\u00f1a de F\u00fatbol, Ra\u00fal Mosqueda.<\/p>\n\n\n\n<p>Actualmente, el programa se emite desde la ciudad de Resistencia por Radio M\u00e1ster 89.9, de lunes a viernes de 19 a 21 horas, con transmisiones deportivas los s\u00e1bados y domingos.<\/p>\n","protected":false},"excerpt":{"rendered":"<p>En el Sal\u00f3n Auditorio \u00abNilda Telma Farr\u00e9 de Vaernet\u00bb se realiz\u00f3 un homenaje al programa radial \u00abEl Aguante Deportivo\u00bb, que recibi\u00f3 la Declaraci\u00f3n de Inter\u00e9s Legislativo y Provincial bajo la Resoluci\u00f3n N\u00b0 842, en reconocimiento a sus 27 a\u00f1os de trayectoria en transmisiones deportivas al servicio de la comunidad. El proyecto fue impulsado por el &hellip;<\/p>\n","protected":false},"author":2,"featured_media":112975,"comment_status":"open","ping_status":"open","sticky":false,"template":"","format":"standard","meta":{"_jetpack_memberships_contains_paid_content":false,"footnotes":"","jetpack_publicize_message":"","jetpack_publicize_feature_enabled":true,"jetpack_social_post_already_shared":true,"jetpack_social_options":{"image_generator_settings":{"template":"highway","default_image_id":0,"font":"","enabled":false},"version":2}},"categories":[5,14],"tags":[],"class_list":["post-112974","post","type-post","status-publish","format-standard","has-post-thumbnail","hentry","category-chaco","category-politica"],"jetpack_publicize_connections":[],"jetpack_featured_media_url":"https:\/\/portalmovil.com.ar\/wp-content\/uploads\/2025\/09\/646469w440h293c.jpg.webp","jetpack_sharing_enabled":true,"amp_enabled":true,"_links":{"self":[{"href":"https:\/\/portalmovil.com.ar\/index.php\/wp-json\/wp\/v2\/posts\/112974","targetHints":{"allow":["GET"]}}],"collection":[{"href":"https:\/\/portalmovil.com.ar\/index.php\/wp-json\/wp\/v2\/posts"}],"about":[{"href":"https:\/\/portalmovil.com.ar\/index.php\/wp-json\/wp\/v2\/types\/post"}],"author":[{"embeddable":true,"href":"https:\/\/portalmovil.com.ar\/index.php\/wp-json\/wp\/v2\/users\/2"}],"replies":[{"embeddable":true,"href":"https:\/\/portalmovil.com.ar\/index.php\/wp-json\/wp\/v2\/comments?post=112974"}],"version-history":[{"count":1,"href":"https:\/\/portalmovil.com.ar\/index.php\/wp-json\/wp\/v2\/posts\/112974\/revisions"}],"predecessor-version":[{"id":112976,"href":"https:\/\/portalmovil.com.ar\/index.php\/wp-json\/wp\/v2\/posts\/112974\/revisions\/112976"}],"wp:featuredmedia":[{"embeddable":true,"href":"https:\/\/portalmovil.com.ar\/index.php\/wp-json\/wp\/v2\/media\/112975"}],"wp:attachment":[{"href":"https:\/\/portalmovil.com.ar\/index.php\/wp-json\/wp\/v2\/media?parent=112974"}],"wp:term":[{"taxonomy":"category","embeddable":true,"href":"https:\/\/portalmovil.com.ar\/index.php\/wp-json\/wp\/v2\/categories?post=112974"},{"taxonomy":"post_tag","embeddable":true,"href":"https:\/\/portalmovil.com.ar\/index.php\/wp-json\/wp\/v2\/tags?post=112974"}],"curies":[{"name":"wp","href":"https:\/\/api.w.org\/{rel}","templated":true}]}}