{"id":112871,"date":"2025-09-25T13:00:31","date_gmt":"2025-09-25T16:00:31","guid":{"rendered":"https:\/\/portalmovil.com.ar\/?p=112871"},"modified":"2025-09-25T13:00:35","modified_gmt":"2025-09-25T16:00:35","slug":"milei-protagonizara-un-show-musical-para-presentar-su-nuevo-libro","status":"publish","type":"post","link":"https:\/\/portalmovil.com.ar\/index.php\/2025\/09\/25\/milei-protagonizara-un-show-musical-para-presentar-su-nuevo-libro\/","title":{"rendered":"Milei protagonizar\u00e1 un show musical para presentar su nuevo libro"},"content":{"rendered":"\n<p>El presidente&nbsp;<strong>Javier Milei&nbsp;<\/strong>prepara un<strong>&nbsp;nuevo show musical&nbsp;<\/strong>que protagonizar\u00e1 el pr\u00f3ximo<strong>&nbsp;lunes 6 de octubre&nbsp;<\/strong>con motivo de la presentaci\u00f3n de su nuevo libro<em>&nbsp;\u00abLa construcci\u00f3n del milagro\u201d<\/em>&nbsp;en el Movistar Arena, con capacidad para 15.000 espectadores.<\/p>\n\n\n\n<p>Seg\u00fan supo la<em>&nbsp;agencia Noticias Argentinas,<\/em>&nbsp;el mandatario&nbsp;<strong>ensaya una hoja de canciones elegidas por su \u201cmensaje pol\u00edtico\u201d&nbsp;<\/strong>que interpretar\u00e1 en la previa a la presentaci\u00f3n de su nueva obra.&nbsp;<\/p>\n\n\n\n<p>La idea del libertario es protagonizar un mega evento en el Movistar Arena que incluya una etapa musical y otra de fundamentaci\u00f3n de su obra, y trabaja para sumar a<strong>&nbsp;funcionarios de su Gabinete a la interpretaci\u00f3n de la pieza final del mini concierto<\/strong>, seg\u00fan revelaron importantes fuentes a la&nbsp;<em>agencia Noticias Argentinas.&nbsp;<\/em><\/p>\n\n\n\n<p>No es la primera vez que cantar\u00e1 ante sus seguidores violetas. El 22 de mayo de 2024, hizo lo propio en el m\u00edtico Luna Park, cuando anunci\u00f3 la venta de su obra titulada<em>&nbsp;\u201cCapitalismo, socialismo y la trampa neocl\u00e1sica\u201d.&nbsp;<\/em><\/p>\n\n\n\n<p>En aquella oportunidad cant\u00f3&nbsp;<strong>Panic Show<\/strong>, de La Renga, una de sus bandas predilectas por lo que se espera que el nuevo repertorio incluya alguna interpretaci\u00f3n del grupo de Mataderos.&nbsp;<\/p>\n\n\n\n<p><strong>\u201cEstimados, quise hacer esto porque quer\u00eda cantar. Todas las veces entr\u00e9 y lo cant\u00e9 a capela, lo quer\u00eda hacer con m\u00fasicos\u201d<\/strong>, supo admitir el mandatario.&nbsp;<\/p>\n\n\n\n<p>Acompa\u00f1aron en su presentaci\u00f3n al jefe de Estado, el diputado<strong>&nbsp;Alberto \u201cBertie\u201d Benegas Lynch<\/strong>&nbsp;en la bater\u00eda, y su hermano Joaqu\u00edn, en la primera guitarra. Adem\u00e1s, estuvo&nbsp;<strong>Marcelo Ducl\u00f3s<\/strong>, el bi\u00f3grafo de Milei, a cargo del bajo<\/p>\n","protected":false},"excerpt":{"rendered":"<p>El presidente&nbsp;Javier Milei&nbsp;prepara un&nbsp;nuevo show musical&nbsp;que protagonizar\u00e1 el pr\u00f3ximo&nbsp;lunes 6 de octubre&nbsp;con motivo de la presentaci\u00f3n de su nuevo libro&nbsp;\u00abLa construcci\u00f3n del milagro\u201d&nbsp;en el Movistar Arena, con capacidad para 15.000 espectadores. Seg\u00fan supo la&nbsp;agencia Noticias Argentinas,&nbsp;el mandatario&nbsp;ensaya una hoja de canciones elegidas por su \u201cmensaje pol\u00edtico\u201d&nbsp;que interpretar\u00e1 en la previa a la presentaci\u00f3n de su &hellip;<\/p>\n","protected":false},"author":2,"featured_media":112872,"comment_status":"open","ping_status":"open","sticky":false,"template":"","format":"standard","meta":{"_jetpack_memberships_contains_paid_content":false,"footnotes":"","jetpack_publicize_message":"","jetpack_publicize_feature_enabled":true,"jetpack_social_post_already_shared":true,"jetpack_social_options":{"image_generator_settings":{"template":"highway","default_image_id":0,"font":"","enabled":false},"version":2}},"categories":[639,14],"tags":[],"class_list":["post-112871","post","type-post","status-publish","format-standard","has-post-thumbnail","hentry","category-argentina","category-politica"],"jetpack_publicize_connections":[],"jetpack_featured_media_url":"https:\/\/portalmovil.com.ar\/wp-content\/uploads\/2025\/09\/360-4.webp","jetpack_sharing_enabled":true,"amp_enabled":true,"_links":{"self":[{"href":"https:\/\/portalmovil.com.ar\/index.php\/wp-json\/wp\/v2\/posts\/112871","targetHints":{"allow":["GET"]}}],"collection":[{"href":"https:\/\/portalmovil.com.ar\/index.php\/wp-json\/wp\/v2\/posts"}],"about":[{"href":"https:\/\/portalmovil.com.ar\/index.php\/wp-json\/wp\/v2\/types\/post"}],"author":[{"embeddable":true,"href":"https:\/\/portalmovil.com.ar\/index.php\/wp-json\/wp\/v2\/users\/2"}],"replies":[{"embeddable":true,"href":"https:\/\/portalmovil.com.ar\/index.php\/wp-json\/wp\/v2\/comments?post=112871"}],"version-history":[{"count":1,"href":"https:\/\/portalmovil.com.ar\/index.php\/wp-json\/wp\/v2\/posts\/112871\/revisions"}],"predecessor-version":[{"id":112873,"href":"https:\/\/portalmovil.com.ar\/index.php\/wp-json\/wp\/v2\/posts\/112871\/revisions\/112873"}],"wp:featuredmedia":[{"embeddable":true,"href":"https:\/\/portalmovil.com.ar\/index.php\/wp-json\/wp\/v2\/media\/112872"}],"wp:attachment":[{"href":"https:\/\/portalmovil.com.ar\/index.php\/wp-json\/wp\/v2\/media?parent=112871"}],"wp:term":[{"taxonomy":"category","embeddable":true,"href":"https:\/\/portalmovil.com.ar\/index.php\/wp-json\/wp\/v2\/categories?post=112871"},{"taxonomy":"post_tag","embeddable":true,"href":"https:\/\/portalmovil.com.ar\/index.php\/wp-json\/wp\/v2\/tags?post=112871"}],"curies":[{"name":"wp","href":"https:\/\/api.w.org\/{rel}","templated":true}]}}