{"id":112819,"date":"2025-09-24T12:17:02","date_gmt":"2025-09-24T15:17:02","guid":{"rendered":"https:\/\/portalmovil.com.ar\/?p=112819"},"modified":"2025-09-24T14:12:10","modified_gmt":"2025-09-24T17:12:10","slug":"la-camioneta-de-emerenciano-sena-fue-destinada-como-patrullero","status":"publish","type":"post","link":"https:\/\/portalmovil.com.ar\/index.php\/2025\/09\/24\/la-camioneta-de-emerenciano-sena-fue-destinada-como-patrullero\/","title":{"rendered":"La camioneta de Emerenciano Sena fue destinada como patrullero"},"content":{"rendered":"\n<p>Una camioneta vinculada a los Sena, ahora funciona como patrullero policial. Se trata de una Toyota Hilux, 4&#215;4 de doble cabina, que fue secuestrada en el marco de una causa judicial que investiga maniobras fraudulentas y fondos de origen il\u00edcitos provenientes de la corrupci\u00f3n o fraude a la administraci\u00f3n p\u00fablica. En esa causa, est\u00e1n involucrados Emerenciano Sena y Marcela Acu\u00f1a, entre otros.<\/p>\n\n\n\n<p>El veh\u00edculo fue entregado a la fuerza provincial y ahora, con la identificaci\u00f3n policial DJ-09, ser\u00e1 usada por la Divisi\u00f3n Patrulla Fluvial, dependiente de la Direcci\u00f3n General de Seguridad Rural y Ambiental.<\/p>\n","protected":false},"excerpt":{"rendered":"<p>Una camioneta vinculada a los Sena, ahora funciona como patrullero policial. Se trata de una Toyota Hilux, 4&#215;4 de doble cabina, que fue secuestrada en el marco de una causa judicial que investiga maniobras fraudulentas y fondos de origen il\u00edcitos provenientes de la corrupci\u00f3n o fraude a la administraci\u00f3n p\u00fablica. En esa causa, est\u00e1n involucrados &hellip;<\/p>\n","protected":false},"author":2,"featured_media":112820,"comment_status":"open","ping_status":"open","sticky":false,"template":"","format":"standard","meta":{"_jetpack_memberships_contains_paid_content":false,"footnotes":"","jetpack_publicize_message":"","jetpack_publicize_feature_enabled":true,"jetpack_social_post_already_shared":true,"jetpack_social_options":{"image_generator_settings":{"template":"highway","default_image_id":0,"font":"","enabled":false},"version":2}},"categories":[5,8],"tags":[],"class_list":["post-112819","post","type-post","status-publish","format-standard","has-post-thumbnail","hentry","category-chaco","category-policiales"],"jetpack_publicize_connections":[],"jetpack_featured_media_url":"https:\/\/portalmovil.com.ar\/wp-content\/uploads\/2025\/09\/646152w480h304c.jpg.webp","jetpack_sharing_enabled":true,"amp_enabled":true,"_links":{"self":[{"href":"https:\/\/portalmovil.com.ar\/index.php\/wp-json\/wp\/v2\/posts\/112819","targetHints":{"allow":["GET"]}}],"collection":[{"href":"https:\/\/portalmovil.com.ar\/index.php\/wp-json\/wp\/v2\/posts"}],"about":[{"href":"https:\/\/portalmovil.com.ar\/index.php\/wp-json\/wp\/v2\/types\/post"}],"author":[{"embeddable":true,"href":"https:\/\/portalmovil.com.ar\/index.php\/wp-json\/wp\/v2\/users\/2"}],"replies":[{"embeddable":true,"href":"https:\/\/portalmovil.com.ar\/index.php\/wp-json\/wp\/v2\/comments?post=112819"}],"version-history":[{"count":1,"href":"https:\/\/portalmovil.com.ar\/index.php\/wp-json\/wp\/v2\/posts\/112819\/revisions"}],"predecessor-version":[{"id":112821,"href":"https:\/\/portalmovil.com.ar\/index.php\/wp-json\/wp\/v2\/posts\/112819\/revisions\/112821"}],"wp:featuredmedia":[{"embeddable":true,"href":"https:\/\/portalmovil.com.ar\/index.php\/wp-json\/wp\/v2\/media\/112820"}],"wp:attachment":[{"href":"https:\/\/portalmovil.com.ar\/index.php\/wp-json\/wp\/v2\/media?parent=112819"}],"wp:term":[{"taxonomy":"category","embeddable":true,"href":"https:\/\/portalmovil.com.ar\/index.php\/wp-json\/wp\/v2\/categories?post=112819"},{"taxonomy":"post_tag","embeddable":true,"href":"https:\/\/portalmovil.com.ar\/index.php\/wp-json\/wp\/v2\/tags?post=112819"}],"curies":[{"name":"wp","href":"https:\/\/api.w.org\/{rel}","templated":true}]}}