{"id":112797,"date":"2025-09-23T22:55:06","date_gmt":"2025-09-24T01:55:06","guid":{"rendered":"https:\/\/portalmovil.com.ar\/?p=112797"},"modified":"2025-09-23T22:55:11","modified_gmt":"2025-09-24T01:55:11","slug":"trump-respaldo-a-milei-pero-aseguro-que-argentina-no-necesita-un-rescate","status":"publish","type":"post","link":"https:\/\/portalmovil.com.ar\/index.php\/2025\/09\/23\/trump-respaldo-a-milei-pero-aseguro-que-argentina-no-necesita-un-rescate\/","title":{"rendered":"Trump respald\u00f3 a Milei, pero asegur\u00f3 que Argentina no necesita \u00abun rescate\u00bb"},"content":{"rendered":"\n<p>Javier Milei tuvo su reuni\u00f3n bilateral con Donald Trump y consigui\u00f3 un fuerte respaldo pol\u00edtico, aunque no quiso dar detalles sobre la ayuda financiera que prometi\u00f3 su secretario del Tesoro. \u00abArgentina no necesita un rescate\u00bb, afirm\u00f3 el presidente de Estados Unidos.<\/p>\n\n\n\n<p>La reuni\u00f3n se concret\u00f3 en la sede de la ONU despu\u00e9s del discurso de Trump ante la Asamblea General. El encuentro fue breve pero muy significativo para Milei, que consigui\u00f3 en el respaldo de Trump una forma de salir de la tormenta financiera.&nbsp;<\/p>\n\n\n\n<p>Unos minutos antes de la reuni\u00f3n, el presidente de EEUU public\u00f3 en sus redes un mensaje muy elogioso para el argentino, a quien calific\u00f3 como \u00abun fuerte aliado\u00bb y respald\u00f3 para un segundo mandato: \u00abJavier Milei es un muy buen amigo, luchador y ganador, y tiene mi respaldo completo y total para la reelecci\u00f3n como presidente\u00bb. En la reuni\u00f3n, Trump le regal\u00f3 a Milei el tuit impreso.<\/p>\n\n\n\n<p>El gobierno argentino difundi\u00f3 luego un video de unas breves palabras donde Trump ratific\u00f3 el apoyo pol\u00edtico, eludi\u00f3 dar definiciones sobre la ayuda financiera y sorprendi\u00f3 al afirmar que \u00abArgentina no necesita un rescate\u00bb.<\/p>\n\n\n\n<p>\u00abEl est\u00e1 haciendo un trabajo fant\u00e1stico y voy a hacer algo que no suelo hacer. Le voy a dar un respaldo completo, acabamos de darle un respaldo\u00bb, dijo Trump mostrando el tuit impreso. \u00abComo saben tiene una elecci\u00f3n por delante y estoy seguro que le ir\u00e1 bien, pero espero que esto lo asegure\u00bb, que pareci\u00f3 creer que en Argentina hay elecciones presidenciales este a\u00f1o.<\/p>\n\n\n\n<p>\u00abScott (Bessent) est\u00e1 trabajando con su pa\u00eds para que puedan tener un buen trato de deuda y hacer todas las cosas que necesitan para hacer a Argentina grande de nuevo\u00bb, dijo Trump.&nbsp;<\/p>\n\n\n\n<p>\u00abVamos a ayudarlos. No creo que necesiten un rescate, van a hacer un trabajo fant\u00e1stico. Si miras donde estaban cuando se postul\u00f3 por primera vez para el cargo y donde est\u00e1n ahora, Scott y yo dir\u00edamos que es bastante sorprendente el trabajo que ha hecho\u00bb, afirm\u00f3 el republicano.<\/p>\n\n\n\n<p>Las palabras de Trump parecieron eludir el tema de la ayuda financiera, que seg\u00fan dijo luego Luis \u00abToto\u00bb Caputo, corre \u00fanicamente por cuenta de Bessent. El ministro de Econom\u00eda no quiso dar detalles y dijo que no sabe cu\u00e1ndo ser\u00e1 el anuncio del secretario del Tesoro. Agreg\u00f3 que se habl\u00f3 de \u00abuna cifra concreta\u00bb.<\/p>\n\n\n\n<p>Pero lo cierto es que m\u00e1s all\u00e1 del fuerte apoyo pol\u00edtico, no est\u00e1 claro que est\u00e9 resuelta la discusi\u00f3n interna dentro del gabinete de Trump sobre c\u00f3mo ser\u00e1 la ayuda financiera a la Argentina. De hecho, en un sector del gabinete argentino son m\u00e1s cautelosos que en Econom\u00eda y creen que puede llevar tiempo.<\/p>\n\n\n\n<figure class=\"wp-block-embed is-type-rich is-provider-twitter wp-block-embed-twitter\"><div class=\"wp-block-embed__wrapper\">\n<div class=\"embed-twitter\"><blockquote class=\"twitter-tweet\" data-width=\"500\" data-dnt=\"true\"><p lang=\"es\" dir=\"ltr\">El Presidente Javier Milei y su comitiva mantuvo una reuni\u00f3n bilateral con el Presidente de los Estados Unidos, Donald Trump,\u00a0en\u00a0Nueva\u00a0York. <a href=\"https:\/\/t.co\/DjCVkrj9kZ\">pic.twitter.com\/DjCVkrj9kZ<\/a><\/p>&mdash; Oficina del Presidente (@OPRArgentina) <a href=\"https:\/\/twitter.com\/OPRArgentina\/status\/1970530817555284066?ref_src=twsrc%5Etfw\">September 23, 2025<\/a><\/blockquote><script async src=\"https:\/\/platform.twitter.com\/widgets.js\" charset=\"utf-8\"><\/script><\/div>\n<\/div><\/figure>\n","protected":false},"excerpt":{"rendered":"<p>Javier Milei tuvo su reuni\u00f3n bilateral con Donald Trump y consigui\u00f3 un fuerte respaldo pol\u00edtico, aunque no quiso dar detalles sobre la ayuda financiera que prometi\u00f3 su secretario del Tesoro. \u00abArgentina no necesita un rescate\u00bb, afirm\u00f3 el presidente de Estados Unidos. La reuni\u00f3n se concret\u00f3 en la sede de la ONU despu\u00e9s del discurso de &hellip;<\/p>\n","protected":false},"author":2,"featured_media":112798,"comment_status":"open","ping_status":"open","sticky":false,"template":"","format":"standard","meta":{"_jetpack_memberships_contains_paid_content":false,"footnotes":"","jetpack_publicize_message":"","jetpack_publicize_feature_enabled":true,"jetpack_social_post_already_shared":true,"jetpack_social_options":{"image_generator_settings":{"template":"highway","default_image_id":0,"font":"","enabled":false},"version":2}},"categories":[639,14],"tags":[],"class_list":["post-112797","post","type-post","status-publish","format-standard","has-post-thumbnail","hentry","category-argentina","category-politica"],"jetpack_publicize_connections":[],"jetpack_featured_media_url":"https:\/\/portalmovil.com.ar\/wp-content\/uploads\/2025\/09\/68d2e74c10ad5_798_526.jpg","jetpack_sharing_enabled":true,"amp_enabled":true,"_links":{"self":[{"href":"https:\/\/portalmovil.com.ar\/index.php\/wp-json\/wp\/v2\/posts\/112797","targetHints":{"allow":["GET"]}}],"collection":[{"href":"https:\/\/portalmovil.com.ar\/index.php\/wp-json\/wp\/v2\/posts"}],"about":[{"href":"https:\/\/portalmovil.com.ar\/index.php\/wp-json\/wp\/v2\/types\/post"}],"author":[{"embeddable":true,"href":"https:\/\/portalmovil.com.ar\/index.php\/wp-json\/wp\/v2\/users\/2"}],"replies":[{"embeddable":true,"href":"https:\/\/portalmovil.com.ar\/index.php\/wp-json\/wp\/v2\/comments?post=112797"}],"version-history":[{"count":1,"href":"https:\/\/portalmovil.com.ar\/index.php\/wp-json\/wp\/v2\/posts\/112797\/revisions"}],"predecessor-version":[{"id":112799,"href":"https:\/\/portalmovil.com.ar\/index.php\/wp-json\/wp\/v2\/posts\/112797\/revisions\/112799"}],"wp:featuredmedia":[{"embeddable":true,"href":"https:\/\/portalmovil.com.ar\/index.php\/wp-json\/wp\/v2\/media\/112798"}],"wp:attachment":[{"href":"https:\/\/portalmovil.com.ar\/index.php\/wp-json\/wp\/v2\/media?parent=112797"}],"wp:term":[{"taxonomy":"category","embeddable":true,"href":"https:\/\/portalmovil.com.ar\/index.php\/wp-json\/wp\/v2\/categories?post=112797"},{"taxonomy":"post_tag","embeddable":true,"href":"https:\/\/portalmovil.com.ar\/index.php\/wp-json\/wp\/v2\/tags?post=112797"}],"curies":[{"name":"wp","href":"https:\/\/api.w.org\/{rel}","templated":true}]}}