{"id":112794,"date":"2025-09-23T21:32:31","date_gmt":"2025-09-24T00:32:31","guid":{"rendered":"https:\/\/portalmovil.com.ar\/?p=112794"},"modified":"2025-09-23T21:32:36","modified_gmt":"2025-09-24T00:32:36","slug":"por-orden-de-la-corte-jose-alperovich-seguira-preso-en-su-domicilio","status":"publish","type":"post","link":"https:\/\/portalmovil.com.ar\/index.php\/2025\/09\/23\/por-orden-de-la-corte-jose-alperovich-seguira-preso-en-su-domicilio\/","title":{"rendered":"Por orden de la Corte, Jos\u00e9 Alperovich seguir\u00e1 preso en su domicilio"},"content":{"rendered":"\n<p>El fallo fue avalado por Horacio Rosatti, Carlos Rosenkrantz y Ricardo Lorenzetti, quienes consideraron inadmisible la presentaci\u00f3n y confirmaron la negativa a concederle la excarcelaci\u00f3n al ex gobernador de Tucum\u00e1n.<\/p>\n\n\n\n<p>Alperovich hab\u00eda sido condenado hace m\u00e1s de un a\u00f1o por el Tribunal Oral en lo Criminal y Correccional N\u00b029, que lo declar\u00f3 culpable de tres hechos de abuso sexual simple y seis de abuso sexual agravado ocurridos entre 2017 y 2018. La v\u00edctima fue su sobrina, quien trabajaba para su campa\u00f1a pol\u00edtica.<\/p>\n\n\n\n<p>En aquello jornada, se orden\u00f3 su inmediata detenci\u00f3n. La fiscal\u00eda se\u00f1al\u00f3 que el ex mandatario dispon\u00eda de suficientes recursos econ\u00f3micos y v\u00ednculos de poder como para intentar fugarse.<\/p>\n\n\n\n<p>En tanto, la defensa recurri\u00f3 a distintas instancias, alegando vulneraci\u00f3n de presunci\u00f3n de inocencia y ausencia de riesgo procesal, pero tanto la C\u00e1mara de Casaci\u00f3n como la Corte descartaron estos planteos.<\/p>\n","protected":false},"excerpt":{"rendered":"<p>El fallo fue avalado por Horacio Rosatti, Carlos Rosenkrantz y Ricardo Lorenzetti, quienes consideraron inadmisible la presentaci\u00f3n y confirmaron la negativa a concederle la excarcelaci\u00f3n al ex gobernador de Tucum\u00e1n. Alperovich hab\u00eda sido condenado hace m\u00e1s de un a\u00f1o por el Tribunal Oral en lo Criminal y Correccional N\u00b029, que lo declar\u00f3 culpable de tres &hellip;<\/p>\n","protected":false},"author":2,"featured_media":112795,"comment_status":"open","ping_status":"open","sticky":false,"template":"","format":"standard","meta":{"_jetpack_memberships_contains_paid_content":false,"footnotes":"","jetpack_publicize_message":"","jetpack_publicize_feature_enabled":true,"jetpack_social_post_already_shared":true,"jetpack_social_options":{"image_generator_settings":{"template":"highway","default_image_id":0,"font":"","enabled":false},"version":2}},"categories":[639,50],"tags":[],"class_list":["post-112794","post","type-post","status-publish","format-standard","has-post-thumbnail","hentry","category-argentina","category-judiciales"],"jetpack_publicize_connections":[],"jetpack_featured_media_url":"https:\/\/portalmovil.com.ar\/wp-content\/uploads\/2025\/09\/alperovich-750x540-optimized.jpg","jetpack_sharing_enabled":true,"amp_enabled":true,"_links":{"self":[{"href":"https:\/\/portalmovil.com.ar\/index.php\/wp-json\/wp\/v2\/posts\/112794","targetHints":{"allow":["GET"]}}],"collection":[{"href":"https:\/\/portalmovil.com.ar\/index.php\/wp-json\/wp\/v2\/posts"}],"about":[{"href":"https:\/\/portalmovil.com.ar\/index.php\/wp-json\/wp\/v2\/types\/post"}],"author":[{"embeddable":true,"href":"https:\/\/portalmovil.com.ar\/index.php\/wp-json\/wp\/v2\/users\/2"}],"replies":[{"embeddable":true,"href":"https:\/\/portalmovil.com.ar\/index.php\/wp-json\/wp\/v2\/comments?post=112794"}],"version-history":[{"count":1,"href":"https:\/\/portalmovil.com.ar\/index.php\/wp-json\/wp\/v2\/posts\/112794\/revisions"}],"predecessor-version":[{"id":112796,"href":"https:\/\/portalmovil.com.ar\/index.php\/wp-json\/wp\/v2\/posts\/112794\/revisions\/112796"}],"wp:featuredmedia":[{"embeddable":true,"href":"https:\/\/portalmovil.com.ar\/index.php\/wp-json\/wp\/v2\/media\/112795"}],"wp:attachment":[{"href":"https:\/\/portalmovil.com.ar\/index.php\/wp-json\/wp\/v2\/media?parent=112794"}],"wp:term":[{"taxonomy":"category","embeddable":true,"href":"https:\/\/portalmovil.com.ar\/index.php\/wp-json\/wp\/v2\/categories?post=112794"},{"taxonomy":"post_tag","embeddable":true,"href":"https:\/\/portalmovil.com.ar\/index.php\/wp-json\/wp\/v2\/tags?post=112794"}],"curies":[{"name":"wp","href":"https:\/\/api.w.org\/{rel}","templated":true}]}}