{"id":112597,"date":"2025-09-19T09:15:10","date_gmt":"2025-09-19T12:15:10","guid":{"rendered":"https:\/\/portalmovil.com.ar\/?p=112597"},"modified":"2025-09-19T09:15:13","modified_gmt":"2025-09-19T12:15:13","slug":"detuvieron-a-tres-tranzas-con-cocaina-y-mas-de-4-millones-de-pesos-en-castelli","status":"publish","type":"post","link":"https:\/\/portalmovil.com.ar\/index.php\/2025\/09\/19\/detuvieron-a-tres-tranzas-con-cocaina-y-mas-de-4-millones-de-pesos-en-castelli\/","title":{"rendered":"Detuvieron a tres tranzas con coca\u00edna y m\u00e1s de 4 millones de pesos en Castelli"},"content":{"rendered":"\n<p>La Divisi\u00f3n Operaciones Drogas Interior de Juan Jos\u00e9 Castelli llev\u00f3 adelante un allanamiento este jueves 18 de septiembre por la noche, en un inmueble ubicado en un arrabal usurpado lindante a la Chacra 7 (coordenadas -25.930410, -60.633769). El procedimiento se realiz\u00f3 en el marco de una causa por infracci\u00f3n a la Ley Nacional 23.737 y la Ley N\u00b0 2304-N, bajo las directivas del Juzgado de Garant\u00edas de Castelli, a cargo del Dr. Jos\u00e9 Luis Kerbel, y la Fiscal\u00eda Antidrogas N\u00b0 2, conducida por la Dra. Ana Mari\u00e1ngeles Ben\u00edtez.<\/p>\n\n\n\n<p>El allanamiento fue autorizado mediante el Decreto Fundado N\u00b0 403 y comenz\u00f3 alrededor de las 21. Durante el registro del domicilio, los agentes incautaron: dos envoltorios con un total de 70,07 gramos de coca\u00edna, un envoltorio con peque\u00f1a cantidad de marihuana, un destornillador con restos de coca\u00edna, varios recortes de polietileno, una balanza de precisi\u00f3n, dos tel\u00e9fonos celulares (Motorola y Redmi), dinero en efectivo: $ 4.187.200 y USD 5 y dos vales de combustible ($ 5.000 y $ 7.000) de estaciones Puma e YPF de Castelli.<\/p>\n\n\n\n<p>Al momento del ingreso, en el lugar se encontraban cinco adultos y un adolescente de 16 a\u00f1os. Tras la intervenci\u00f3n judicial, fueron notificados de su aprehensi\u00f3n: C.D.L de 27 a\u00f1os (alba\u00f1il), T.R de 52 a\u00f1os (ama de casa) y N.R.A alias \u00abPeluche\u00bb de 31 a\u00f1os (barbero).<\/p>\n\n\n\n<p>En tanto, el joven de 16 a\u00f1os qued\u00f3 bajo resguardo junto a la vivienda a cargo de O.G.S, de 28 a\u00f1os, quien tambi\u00e9n estaba presente pero no fue detenido.<\/p>\n\n\n\n<p>Los hombres aprehendidos fueron examinados por el m\u00e9dico policial en turno y alojados en la Divisi\u00f3n Operaciones Drogas Interior de Castelli. En cuanto a T.R, tras los ex\u00e1menes m\u00e9dicos, fue trasladada a la Divisi\u00f3n Violencia Familiar y de G\u00e9nero de Presidencia Roque S\u00e1enz Pe\u00f1a.<\/p>\n","protected":false},"excerpt":{"rendered":"<p>La Divisi\u00f3n Operaciones Drogas Interior de Juan Jos\u00e9 Castelli llev\u00f3 adelante un allanamiento este jueves 18 de septiembre por la noche, en un inmueble ubicado en un arrabal usurpado lindante a la Chacra 7 (coordenadas -25.930410, -60.633769). El procedimiento se realiz\u00f3 en el marco de una causa por infracci\u00f3n a la Ley Nacional 23.737 y &hellip;<\/p>\n","protected":false},"author":2,"featured_media":112598,"comment_status":"open","ping_status":"open","sticky":false,"template":"","format":"standard","meta":{"_jetpack_memberships_contains_paid_content":false,"footnotes":"","jetpack_publicize_message":"","jetpack_publicize_feature_enabled":true,"jetpack_social_post_already_shared":true,"jetpack_social_options":{"image_generator_settings":{"template":"highway","default_image_id":0,"font":"","enabled":false},"version":2}},"categories":[5,8],"tags":[],"class_list":["post-112597","post","type-post","status-publish","format-standard","has-post-thumbnail","hentry","category-chaco","category-policiales"],"jetpack_publicize_connections":[],"jetpack_featured_media_url":"https:\/\/portalmovil.com.ar\/wp-content\/uploads\/2025\/09\/645667w480h293c.jpg.webp","jetpack_sharing_enabled":true,"amp_enabled":true,"_links":{"self":[{"href":"https:\/\/portalmovil.com.ar\/index.php\/wp-json\/wp\/v2\/posts\/112597","targetHints":{"allow":["GET"]}}],"collection":[{"href":"https:\/\/portalmovil.com.ar\/index.php\/wp-json\/wp\/v2\/posts"}],"about":[{"href":"https:\/\/portalmovil.com.ar\/index.php\/wp-json\/wp\/v2\/types\/post"}],"author":[{"embeddable":true,"href":"https:\/\/portalmovil.com.ar\/index.php\/wp-json\/wp\/v2\/users\/2"}],"replies":[{"embeddable":true,"href":"https:\/\/portalmovil.com.ar\/index.php\/wp-json\/wp\/v2\/comments?post=112597"}],"version-history":[{"count":1,"href":"https:\/\/portalmovil.com.ar\/index.php\/wp-json\/wp\/v2\/posts\/112597\/revisions"}],"predecessor-version":[{"id":112599,"href":"https:\/\/portalmovil.com.ar\/index.php\/wp-json\/wp\/v2\/posts\/112597\/revisions\/112599"}],"wp:featuredmedia":[{"embeddable":true,"href":"https:\/\/portalmovil.com.ar\/index.php\/wp-json\/wp\/v2\/media\/112598"}],"wp:attachment":[{"href":"https:\/\/portalmovil.com.ar\/index.php\/wp-json\/wp\/v2\/media?parent=112597"}],"wp:term":[{"taxonomy":"category","embeddable":true,"href":"https:\/\/portalmovil.com.ar\/index.php\/wp-json\/wp\/v2\/categories?post=112597"},{"taxonomy":"post_tag","embeddable":true,"href":"https:\/\/portalmovil.com.ar\/index.php\/wp-json\/wp\/v2\/tags?post=112597"}],"curies":[{"name":"wp","href":"https:\/\/api.w.org\/{rel}","templated":true}]}}