{"id":112594,"date":"2025-09-19T09:07:07","date_gmt":"2025-09-19T12:07:07","guid":{"rendered":"https:\/\/portalmovil.com.ar\/?p=112594"},"modified":"2025-09-19T09:07:10","modified_gmt":"2025-09-19T12:07:10","slug":"dia-de-la-bandera-del-chaco-que-significa-el-arado-y-las-estrellas-que-la-componen","status":"publish","type":"post","link":"https:\/\/portalmovil.com.ar\/index.php\/2025\/09\/19\/dia-de-la-bandera-del-chaco-que-significa-el-arado-y-las-estrellas-que-la-componen\/","title":{"rendered":"D\u00eda de la Bandera del Chaco: qu\u00e9 significa el arado y las estrellas que la componen"},"content":{"rendered":"\n<p><strong>Cada 19 de septiembre se celebra el D\u00eda de la Bandera del Chaco, uno de los s\u00edmbolos oficiales que representa la identidad de la provincia.<\/strong><\/p>\n\n\n\n<p>La bandera est\u00e1 compuesta por tres franjas verticales de igual tama\u00f1o: verde, blanco y azul celeste.&nbsp;<strong>El verde simboliza el monte chaque\u00f1o, mientras que el blanco y el celeste evocan los colores de la bandera nacional.<\/strong>&nbsp;En el centro de la franja blanca se encuentra el sol dorado con 32 rayos alternados, id\u00e9ntico al de la Bandera Argentina.<\/p>\n\n\n\n<p>Adem\u00e1s,&nbsp;<strong>se destaca el arado mancera rodeado por 25 estrellas doradas, que representan a cada uno de los departamentos de la provincia, simbolizando la igualdad entre ellos.<\/strong>&nbsp;El arado, tambi\u00e9n presente en el escudo provincial, es un emblema del trabajo agr\u00edcola, que fue la base econ\u00f3mica del Chaco durante muchos a\u00f1os.<\/p>\n","protected":false},"excerpt":{"rendered":"<p>Cada 19 de septiembre se celebra el D\u00eda de la Bandera del Chaco, uno de los s\u00edmbolos oficiales que representa la identidad de la provincia. La bandera est\u00e1 compuesta por tres franjas verticales de igual tama\u00f1o: verde, blanco y azul celeste.&nbsp;El verde simboliza el monte chaque\u00f1o, mientras que el blanco y el celeste evocan los &hellip;<\/p>\n","protected":false},"author":2,"featured_media":112595,"comment_status":"open","ping_status":"open","sticky":false,"template":"","format":"standard","meta":{"_jetpack_memberships_contains_paid_content":false,"footnotes":"","jetpack_publicize_message":"","jetpack_publicize_feature_enabled":true,"jetpack_social_post_already_shared":true,"jetpack_social_options":{"image_generator_settings":{"template":"highway","default_image_id":0,"font":"","enabled":false},"version":2}},"categories":[5,394],"tags":[],"class_list":["post-112594","post","type-post","status-publish","format-standard","has-post-thumbnail","hentry","category-chaco","category-efemerides"],"jetpack_publicize_connections":[],"jetpack_featured_media_url":"https:\/\/portalmovil.com.ar\/wp-content\/uploads\/2025\/09\/bandera_chaco_71727_71727.jpg","jetpack_sharing_enabled":true,"amp_enabled":true,"_links":{"self":[{"href":"https:\/\/portalmovil.com.ar\/index.php\/wp-json\/wp\/v2\/posts\/112594","targetHints":{"allow":["GET"]}}],"collection":[{"href":"https:\/\/portalmovil.com.ar\/index.php\/wp-json\/wp\/v2\/posts"}],"about":[{"href":"https:\/\/portalmovil.com.ar\/index.php\/wp-json\/wp\/v2\/types\/post"}],"author":[{"embeddable":true,"href":"https:\/\/portalmovil.com.ar\/index.php\/wp-json\/wp\/v2\/users\/2"}],"replies":[{"embeddable":true,"href":"https:\/\/portalmovil.com.ar\/index.php\/wp-json\/wp\/v2\/comments?post=112594"}],"version-history":[{"count":1,"href":"https:\/\/portalmovil.com.ar\/index.php\/wp-json\/wp\/v2\/posts\/112594\/revisions"}],"predecessor-version":[{"id":112596,"href":"https:\/\/portalmovil.com.ar\/index.php\/wp-json\/wp\/v2\/posts\/112594\/revisions\/112596"}],"wp:featuredmedia":[{"embeddable":true,"href":"https:\/\/portalmovil.com.ar\/index.php\/wp-json\/wp\/v2\/media\/112595"}],"wp:attachment":[{"href":"https:\/\/portalmovil.com.ar\/index.php\/wp-json\/wp\/v2\/media?parent=112594"}],"wp:term":[{"taxonomy":"category","embeddable":true,"href":"https:\/\/portalmovil.com.ar\/index.php\/wp-json\/wp\/v2\/categories?post=112594"},{"taxonomy":"post_tag","embeddable":true,"href":"https:\/\/portalmovil.com.ar\/index.php\/wp-json\/wp\/v2\/tags?post=112594"}],"curies":[{"name":"wp","href":"https:\/\/api.w.org\/{rel}","templated":true}]}}