{"id":112485,"date":"2025-09-17T07:35:32","date_gmt":"2025-09-17T10:35:32","guid":{"rendered":"https:\/\/portalmovil.com.ar\/?p=112485"},"modified":"2025-09-17T07:35:35","modified_gmt":"2025-09-17T10:35:35","slug":"marcha-universitaria-por-veto-de-milei-a-ley-de-financiacion","status":"publish","type":"post","link":"https:\/\/portalmovil.com.ar\/index.php\/2025\/09\/17\/marcha-universitaria-por-veto-de-milei-a-ley-de-financiacion\/","title":{"rendered":"Marcha universitaria por veto de Milei a ley de financiaci\u00f3n"},"content":{"rendered":"\n<p>Esta tarde, se llevar\u00e1 a cabo una nueva marcha universitaria contra el veto presidencial del presupuesto universitario. La concentraci\u00f3n iniciar\u00e1 a partir de las 17 en la Plaza Belgrano de la capital chaque\u00f1a, en frente de la UTN.&nbsp;<\/p>\n\n\n\n<p>Una vez todos concentrados, la movilizaci\u00f3n iniciar\u00e1 a las 18 y transitar\u00e1 por avenida Paraguay, para luego doblar en avenida V\u00e9lez Sarsfield hasta el Campus de la UNNE, en avenida Las Heras y calle Cervantes. All\u00ed, para las 19, se proceder\u00e1 a la lectura de un documento.&nbsp;<\/p>\n\n\n\n<p>Es preciso resaltar que, la medida se replicar\u00e1 en todo el pa\u00eds por el rechazo al veto contra la Ley de presupuesto Universitario. &nbsp;La convocatoria es este mi\u00e9rcoles ya que el Congreso Nacional deber\u00e1 definir si el veto es rechazado o queda vigente. &nbsp;&nbsp;<\/p>\n\n\n\n<figure class=\"wp-block-image size-full\"><img loading=\"lazy\" decoding=\"async\" width=\"440\" height=\"360\" src=\"https:\/\/portalmovil.com.ar\/wp-content\/uploads\/2025\/09\/1000586282.webp\" alt=\"\" class=\"wp-image-112486\" srcset=\"https:\/\/portalmovil.com.ar\/wp-content\/uploads\/2025\/09\/1000586282.webp 440w, https:\/\/portalmovil.com.ar\/wp-content\/uploads\/2025\/09\/1000586282-300x245.webp 300w\" sizes=\"auto, (max-width: 440px) 100vw, 440px\" \/><\/figure>\n","protected":false},"excerpt":{"rendered":"<p>Esta tarde, se llevar\u00e1 a cabo una nueva marcha universitaria contra el veto presidencial del presupuesto universitario. La concentraci\u00f3n iniciar\u00e1 a partir de las 17 en la Plaza Belgrano de la capital chaque\u00f1a, en frente de la UTN.&nbsp; Una vez todos concentrados, la movilizaci\u00f3n iniciar\u00e1 a las 18 y transitar\u00e1 por avenida Paraguay, para luego &hellip;<\/p>\n","protected":false},"author":2,"featured_media":112487,"comment_status":"open","ping_status":"open","sticky":false,"template":"","format":"standard","meta":{"_jetpack_memberships_contains_paid_content":false,"footnotes":"","jetpack_publicize_message":"","jetpack_publicize_feature_enabled":true,"jetpack_social_post_already_shared":true,"jetpack_social_options":{"image_generator_settings":{"template":"highway","default_image_id":0,"font":"","enabled":false},"version":2}},"categories":[28,5],"tags":[],"class_list":["post-112485","post","type-post","status-publish","format-standard","has-post-thumbnail","hentry","category-actualidad","category-chaco"],"jetpack_publicize_connections":[],"jetpack_featured_media_url":"https:\/\/portalmovil.com.ar\/wp-content\/uploads\/2025\/09\/FB_IMG_1758105156290.jpg","jetpack_sharing_enabled":true,"amp_enabled":true,"_links":{"self":[{"href":"https:\/\/portalmovil.com.ar\/index.php\/wp-json\/wp\/v2\/posts\/112485","targetHints":{"allow":["GET"]}}],"collection":[{"href":"https:\/\/portalmovil.com.ar\/index.php\/wp-json\/wp\/v2\/posts"}],"about":[{"href":"https:\/\/portalmovil.com.ar\/index.php\/wp-json\/wp\/v2\/types\/post"}],"author":[{"embeddable":true,"href":"https:\/\/portalmovil.com.ar\/index.php\/wp-json\/wp\/v2\/users\/2"}],"replies":[{"embeddable":true,"href":"https:\/\/portalmovil.com.ar\/index.php\/wp-json\/wp\/v2\/comments?post=112485"}],"version-history":[{"count":1,"href":"https:\/\/portalmovil.com.ar\/index.php\/wp-json\/wp\/v2\/posts\/112485\/revisions"}],"predecessor-version":[{"id":112488,"href":"https:\/\/portalmovil.com.ar\/index.php\/wp-json\/wp\/v2\/posts\/112485\/revisions\/112488"}],"wp:featuredmedia":[{"embeddable":true,"href":"https:\/\/portalmovil.com.ar\/index.php\/wp-json\/wp\/v2\/media\/112487"}],"wp:attachment":[{"href":"https:\/\/portalmovil.com.ar\/index.php\/wp-json\/wp\/v2\/media?parent=112485"}],"wp:term":[{"taxonomy":"category","embeddable":true,"href":"https:\/\/portalmovil.com.ar\/index.php\/wp-json\/wp\/v2\/categories?post=112485"},{"taxonomy":"post_tag","embeddable":true,"href":"https:\/\/portalmovil.com.ar\/index.php\/wp-json\/wp\/v2\/tags?post=112485"}],"curies":[{"name":"wp","href":"https:\/\/api.w.org\/{rel}","templated":true}]}}