{"id":112449,"date":"2025-09-16T12:08:09","date_gmt":"2025-09-16T15:08:09","guid":{"rendered":"https:\/\/portalmovil.com.ar\/?p=112449"},"modified":"2025-09-16T12:23:25","modified_gmt":"2025-09-16T15:23:25","slug":"marcela-acuna-pidio-tener-su-iphone-es-un-derecho","status":"publish","type":"post","link":"https:\/\/portalmovil.com.ar\/index.php\/2025\/09\/16\/marcela-acuna-pidio-tener-su-iphone-es-un-derecho\/","title":{"rendered":"Marcela Acu\u00f1a pidi\u00f3 tener su iPhone: \u00abes un derecho\u00bb"},"content":{"rendered":"\n<p><strong>La interna present\u00f3 un h\u00e1beas corpus ante el Superior Tribunal de Justicia del Chaco para reclamar el cumplimiento de la sentencia que ordena al gobierno provincial garantizar el acceso a telefon\u00eda e internet para mujeres privadas de libertad. <\/strong><\/p>\n\n\n\n<p><strong>El pedido incluye la entrega de un celular anal\u00f3gico de uso personal. \u201cAcceder al celular propio, en contexto de encierro, no es un beneficio, es un derecho\u201d, sostuvo Acu\u00f1a, quien se encuentra detenida en la Alcaid\u00eda de Mujeres acusada como part\u00edcipe primaria del femicidio de su nuera, Cecilia Strzyzowski.<\/strong><\/p>\n\n\n\n<p>La presentaci\u00f3n, realizada desde la Alcaid\u00eda de Mujeres de Resistencia ante la jueza Isabel Grillo, solicita autorizaci\u00f3n para utilizar un tel\u00e9fono celular. En su escrito, Acu\u00f1a argument\u00f3 que la negativa vulnera derechos reconocidos por el tribunal y por tratados internacionales de derechos humanos.<\/p>\n\n\n\n<p>Tambi\u00e9n mencion\u00f3 que la jueza Dolly Fern\u00e1ndez, a cargo de la etapa preparatoria del juicio oral en el que est\u00e1 imputada, supedit\u00f3 el pedido de acceso a telefon\u00eda m\u00f3vil a las medidas que disponga el Poder Ejecutivo. La detenida lleva cerca de 20 d\u00edas en huelga de hambre solicitando que se garanticen sus derechos.<\/p>\n\n\n\n<p>\u201cAcceder en mi caso al celular, propio, en contexto de encierro, no es un beneficio, es un derecho\u201d, sostuvo Acu\u00f1a, quien pidi\u00f3 que el dispositivo sea anal\u00f3gico, sin acceso a redes sociales. \u201cSimple, sencillo, cuyo uso sea personal a fin de fortalecer las relaciones familiares y sociales que me identifican como persona\u201d, aclar\u00f3.<\/p>\n\n\n\n<p>En este sentido, se\u00f1al\u00f3 que de los jueces del Superior Tribunal \u201cdepende marcar el camino de legalidad en materia de derechos, poniendo freno al autoritarismo del Ejecutivo, que instala mediante groseras pautas oficiales en determinados medios de comunicaci\u00f3n el odio a los pobres, sobre todo, si tienen la particularidad de luchar por sus derechos\u201d.<\/p>\n","protected":false},"excerpt":{"rendered":"<p>La interna present\u00f3 un h\u00e1beas corpus ante el Superior Tribunal de Justicia del Chaco para reclamar el cumplimiento de la sentencia que ordena al gobierno provincial garantizar el acceso a telefon\u00eda e internet para mujeres privadas de libertad. El pedido incluye la entrega de un celular anal\u00f3gico de uso personal. \u201cAcceder al celular propio, en &hellip;<\/p>\n","protected":false},"author":2,"featured_media":112450,"comment_status":"open","ping_status":"open","sticky":false,"template":"","format":"standard","meta":{"_jetpack_memberships_contains_paid_content":false,"footnotes":"","jetpack_publicize_message":"","jetpack_publicize_feature_enabled":true,"jetpack_social_post_already_shared":true,"jetpack_social_options":{"image_generator_settings":{"template":"highway","default_image_id":0,"font":"","enabled":false},"version":2}},"categories":[5,50],"tags":[],"class_list":["post-112449","post","type-post","status-publish","format-standard","has-post-thumbnail","hentry","category-chaco","category-judiciales"],"jetpack_publicize_connections":[],"jetpack_featured_media_url":"https:\/\/portalmovil.com.ar\/wp-content\/uploads\/2025\/09\/FB_IMG_1758035197286.jpg","jetpack_sharing_enabled":true,"amp_enabled":true,"_links":{"self":[{"href":"https:\/\/portalmovil.com.ar\/index.php\/wp-json\/wp\/v2\/posts\/112449","targetHints":{"allow":["GET"]}}],"collection":[{"href":"https:\/\/portalmovil.com.ar\/index.php\/wp-json\/wp\/v2\/posts"}],"about":[{"href":"https:\/\/portalmovil.com.ar\/index.php\/wp-json\/wp\/v2\/types\/post"}],"author":[{"embeddable":true,"href":"https:\/\/portalmovil.com.ar\/index.php\/wp-json\/wp\/v2\/users\/2"}],"replies":[{"embeddable":true,"href":"https:\/\/portalmovil.com.ar\/index.php\/wp-json\/wp\/v2\/comments?post=112449"}],"version-history":[{"count":2,"href":"https:\/\/portalmovil.com.ar\/index.php\/wp-json\/wp\/v2\/posts\/112449\/revisions"}],"predecessor-version":[{"id":112452,"href":"https:\/\/portalmovil.com.ar\/index.php\/wp-json\/wp\/v2\/posts\/112449\/revisions\/112452"}],"wp:featuredmedia":[{"embeddable":true,"href":"https:\/\/portalmovil.com.ar\/index.php\/wp-json\/wp\/v2\/media\/112450"}],"wp:attachment":[{"href":"https:\/\/portalmovil.com.ar\/index.php\/wp-json\/wp\/v2\/media?parent=112449"}],"wp:term":[{"taxonomy":"category","embeddable":true,"href":"https:\/\/portalmovil.com.ar\/index.php\/wp-json\/wp\/v2\/categories?post=112449"},{"taxonomy":"post_tag","embeddable":true,"href":"https:\/\/portalmovil.com.ar\/index.php\/wp-json\/wp\/v2\/tags?post=112449"}],"curies":[{"name":"wp","href":"https:\/\/api.w.org\/{rel}","templated":true}]}}