{"id":112442,"date":"2025-09-16T10:42:16","date_gmt":"2025-09-16T13:42:16","guid":{"rendered":"https:\/\/portalmovil.com.ar\/?p=112442"},"modified":"2025-09-16T10:42:20","modified_gmt":"2025-09-16T13:42:20","slug":"gobierno-confirmo-la-fecha-de-pago-del-refrigerio-para-empleados-publicos","status":"publish","type":"post","link":"https:\/\/portalmovil.com.ar\/index.php\/2025\/09\/16\/gobierno-confirmo-la-fecha-de-pago-del-refrigerio-para-empleados-publicos\/","title":{"rendered":"Gobierno confirm\u00f3 la fecha de pago del Refrigerio para empleados p\u00fablicos"},"content":{"rendered":"\n<p>El Gobierno provincial, a trav\u00e9s del Ministerio de Hacienda y Finanzas, inform\u00f3 el pago del refrigerio para los trabajadores activos de la Administraci\u00f3n P\u00fablica Provincial, que se abonar\u00e1 el pr\u00f3ximo martes 23 de septiembre.\u00a0<\/p>\n\n\n\n<p>Como es habitual, se depositar\u00e1 a trav\u00e9s de la tarjeta Tuya Recargable del Nuevo Banco del Chaco S.A.<\/p>\n","protected":false},"excerpt":{"rendered":"<p>El Gobierno provincial, a trav\u00e9s del Ministerio de Hacienda y Finanzas, inform\u00f3 el pago del refrigerio para los trabajadores activos de la Administraci\u00f3n P\u00fablica Provincial, que se abonar\u00e1 el pr\u00f3ximo martes 23 de septiembre.\u00a0 Como es habitual, se depositar\u00e1 a trav\u00e9s de la tarjeta Tuya Recargable del Nuevo Banco del Chaco S.A.<\/p>\n","protected":false},"author":2,"featured_media":76345,"comment_status":"open","ping_status":"open","sticky":false,"template":"","format":"standard","meta":{"_jetpack_memberships_contains_paid_content":false,"footnotes":"","jetpack_publicize_message":"","jetpack_publicize_feature_enabled":true,"jetpack_social_post_already_shared":true,"jetpack_social_options":{"image_generator_settings":{"template":"highway","default_image_id":0,"font":"","enabled":false},"version":2}},"categories":[5,175],"tags":[],"class_list":["post-112442","post","type-post","status-publish","format-standard","has-post-thumbnail","hentry","category-chaco","category-economia"],"jetpack_publicize_connections":[],"jetpack_featured_media_url":"https:\/\/portalmovil.com.ar\/wp-content\/uploads\/2023\/05\/63ebaa001c670892814762.jpg","jetpack_sharing_enabled":true,"amp_enabled":true,"_links":{"self":[{"href":"https:\/\/portalmovil.com.ar\/index.php\/wp-json\/wp\/v2\/posts\/112442","targetHints":{"allow":["GET"]}}],"collection":[{"href":"https:\/\/portalmovil.com.ar\/index.php\/wp-json\/wp\/v2\/posts"}],"about":[{"href":"https:\/\/portalmovil.com.ar\/index.php\/wp-json\/wp\/v2\/types\/post"}],"author":[{"embeddable":true,"href":"https:\/\/portalmovil.com.ar\/index.php\/wp-json\/wp\/v2\/users\/2"}],"replies":[{"embeddable":true,"href":"https:\/\/portalmovil.com.ar\/index.php\/wp-json\/wp\/v2\/comments?post=112442"}],"version-history":[{"count":1,"href":"https:\/\/portalmovil.com.ar\/index.php\/wp-json\/wp\/v2\/posts\/112442\/revisions"}],"predecessor-version":[{"id":112443,"href":"https:\/\/portalmovil.com.ar\/index.php\/wp-json\/wp\/v2\/posts\/112442\/revisions\/112443"}],"wp:featuredmedia":[{"embeddable":true,"href":"https:\/\/portalmovil.com.ar\/index.php\/wp-json\/wp\/v2\/media\/76345"}],"wp:attachment":[{"href":"https:\/\/portalmovil.com.ar\/index.php\/wp-json\/wp\/v2\/media?parent=112442"}],"wp:term":[{"taxonomy":"category","embeddable":true,"href":"https:\/\/portalmovil.com.ar\/index.php\/wp-json\/wp\/v2\/categories?post=112442"},{"taxonomy":"post_tag","embeddable":true,"href":"https:\/\/portalmovil.com.ar\/index.php\/wp-json\/wp\/v2\/tags?post=112442"}],"curies":[{"name":"wp","href":"https:\/\/api.w.org\/{rel}","templated":true}]}}