{"id":112412,"date":"2025-09-15T17:20:30","date_gmt":"2025-09-15T20:20:30","guid":{"rendered":"https:\/\/portalmovil.com.ar\/?p=112412"},"modified":"2025-09-15T17:20:33","modified_gmt":"2025-09-15T20:20:33","slug":"la-justicia-aparto-a-cristina-kirchner-del-padron-electoral-y-no-podra-votar-en-octubre","status":"publish","type":"post","link":"https:\/\/portalmovil.com.ar\/index.php\/2025\/09\/15\/la-justicia-aparto-a-cristina-kirchner-del-padron-electoral-y-no-podra-votar-en-octubre\/","title":{"rendered":"La Justicia apart\u00f3 a Cristina Kirchner del padr\u00f3n electoral y no podr\u00e1 votar en octubre"},"content":{"rendered":"\n<p>La\u00a0<strong>C\u00e1mara Nacional Electoral (CNE)<\/strong>\u00a0resolvi\u00f3 este lunes<strong>excluir a la expresidenta Cristina Fern\u00e1ndez de Kirchner del padr\u00f3n electoral<\/strong>por su condena a seis a\u00f1os de prisi\u00f3n en la causa Vialidad. El fallo implica que\u00a0<strong>no podr\u00e1 votar en las elecciones nacionales del 26 de octubre<\/strong>.<\/p>\n\n\n\n<p>La decisi\u00f3n revoc\u00f3 un fallo anterior de la justicia electoral de Santa Cruz, que hab\u00eda permitido mantenerla empadronada al interpretar que la inhabilitaci\u00f3n para ejercer cargos p\u00fablicos no afectaba su derecho a sufragio.<\/p>\n","protected":false},"excerpt":{"rendered":"<p>La\u00a0C\u00e1mara Nacional Electoral (CNE)\u00a0resolvi\u00f3 este lunesexcluir a la expresidenta Cristina Fern\u00e1ndez de Kirchner del padr\u00f3n electoralpor su condena a seis a\u00f1os de prisi\u00f3n en la causa Vialidad. El fallo implica que\u00a0no podr\u00e1 votar en las elecciones nacionales del 26 de octubre. La decisi\u00f3n revoc\u00f3 un fallo anterior de la justicia electoral de Santa Cruz, que &hellip;<\/p>\n","protected":false},"author":2,"featured_media":112413,"comment_status":"open","ping_status":"open","sticky":false,"template":"","format":"standard","meta":{"_jetpack_memberships_contains_paid_content":false,"footnotes":"","jetpack_publicize_message":"","jetpack_publicize_feature_enabled":true,"jetpack_social_post_already_shared":true,"jetpack_social_options":{"image_generator_settings":{"template":"highway","default_image_id":0,"font":"","enabled":false},"version":2}},"categories":[639,14],"tags":[],"class_list":["post-112412","post","type-post","status-publish","format-standard","has-post-thumbnail","hentry","category-argentina","category-politica"],"jetpack_publicize_connections":[],"jetpack_featured_media_url":"https:\/\/portalmovil.com.ar\/wp-content\/uploads\/2025\/09\/7TWN3CN4ZFA3XCWQUKJUHQQ3IU.jpg","jetpack_sharing_enabled":true,"amp_enabled":true,"_links":{"self":[{"href":"https:\/\/portalmovil.com.ar\/index.php\/wp-json\/wp\/v2\/posts\/112412","targetHints":{"allow":["GET"]}}],"collection":[{"href":"https:\/\/portalmovil.com.ar\/index.php\/wp-json\/wp\/v2\/posts"}],"about":[{"href":"https:\/\/portalmovil.com.ar\/index.php\/wp-json\/wp\/v2\/types\/post"}],"author":[{"embeddable":true,"href":"https:\/\/portalmovil.com.ar\/index.php\/wp-json\/wp\/v2\/users\/2"}],"replies":[{"embeddable":true,"href":"https:\/\/portalmovil.com.ar\/index.php\/wp-json\/wp\/v2\/comments?post=112412"}],"version-history":[{"count":1,"href":"https:\/\/portalmovil.com.ar\/index.php\/wp-json\/wp\/v2\/posts\/112412\/revisions"}],"predecessor-version":[{"id":112414,"href":"https:\/\/portalmovil.com.ar\/index.php\/wp-json\/wp\/v2\/posts\/112412\/revisions\/112414"}],"wp:featuredmedia":[{"embeddable":true,"href":"https:\/\/portalmovil.com.ar\/index.php\/wp-json\/wp\/v2\/media\/112413"}],"wp:attachment":[{"href":"https:\/\/portalmovil.com.ar\/index.php\/wp-json\/wp\/v2\/media?parent=112412"}],"wp:term":[{"taxonomy":"category","embeddable":true,"href":"https:\/\/portalmovil.com.ar\/index.php\/wp-json\/wp\/v2\/categories?post=112412"},{"taxonomy":"post_tag","embeddable":true,"href":"https:\/\/portalmovil.com.ar\/index.php\/wp-json\/wp\/v2\/tags?post=112412"}],"curies":[{"name":"wp","href":"https:\/\/api.w.org\/{rel}","templated":true}]}}