{"id":112337,"date":"2025-09-14T09:46:56","date_gmt":"2025-09-14T12:46:56","guid":{"rendered":"https:\/\/portalmovil.com.ar\/?p=112337"},"modified":"2025-09-14T09:47:00","modified_gmt":"2025-09-14T12:47:00","slug":"fontana-joven-detenido-por-amenazar-a-su-ex-pareja-con-un-arma-de-aire-comprimido","status":"publish","type":"post","link":"https:\/\/portalmovil.com.ar\/index.php\/2025\/09\/14\/fontana-joven-detenido-por-amenazar-a-su-ex-pareja-con-un-arma-de-aire-comprimido\/","title":{"rendered":"Fontana: joven detenido por amenazar a su ex pareja con un arma de aire comprimido"},"content":{"rendered":"\n<p>Un joven fue detenido en la ciudad de Fontana luego de que su ex pareja, una mujer de 23 a\u00f1os, lo denunciara por haber efectuado un disparo con un arma de aire comprimido contra un cami\u00f3n de mudanza en el que se trasladaba.<\/p>\n\n\n\n<p>El hecho ocurri\u00f3 el d\u00eda lunes, en inmediaciones de calle Tierra del Fuego y Obligado, cuando la v\u00edctima se encontraba realizando la mudanza y fue atacada presuntamente por su ex pareja.<\/p>\n\n\n\n<p>Tras radicar la denuncia en la Comisar\u00eda Segunda de Fontana, efectivos del servicio externo iniciaron un operativo de rastrillaje, logrando identificar y localizar al agresor. En su poder se secuestr\u00f3 el arma utilizada en el hecho.<\/p>\n\n\n\n<p>Por disposici\u00f3n de la Fiscal\u00eda N\u00b06, el sujeto fue notificado de su aprehensi\u00f3n en el marco de una causa por \u00abSupuesta Amenaza y Abuso de Arma en Concurso Real\u00bb.<\/p>\n","protected":false},"excerpt":{"rendered":"<p>Un joven fue detenido en la ciudad de Fontana luego de que su ex pareja, una mujer de 23 a\u00f1os, lo denunciara por haber efectuado un disparo con un arma de aire comprimido contra un cami\u00f3n de mudanza en el que se trasladaba. El hecho ocurri\u00f3 el d\u00eda lunes, en inmediaciones de calle Tierra del &hellip;<\/p>\n","protected":false},"author":2,"featured_media":112338,"comment_status":"open","ping_status":"open","sticky":false,"template":"","format":"standard","meta":{"_jetpack_memberships_contains_paid_content":false,"footnotes":"","jetpack_publicize_message":"","jetpack_publicize_feature_enabled":true,"jetpack_social_post_already_shared":true,"jetpack_social_options":{"image_generator_settings":{"template":"highway","default_image_id":0,"font":"","enabled":false},"version":2}},"categories":[5,8],"tags":[],"class_list":["post-112337","post","type-post","status-publish","format-standard","has-post-thumbnail","hentry","category-chaco","category-policiales"],"jetpack_publicize_connections":[],"jetpack_featured_media_url":"https:\/\/portalmovil.com.ar\/wp-content\/uploads\/2025\/09\/Imagen-de-WhatsApp-2025-09-14-a-las-06.20.42_596c9a99-e1757850457930-780x470-1.webp","jetpack_sharing_enabled":true,"amp_enabled":true,"_links":{"self":[{"href":"https:\/\/portalmovil.com.ar\/index.php\/wp-json\/wp\/v2\/posts\/112337","targetHints":{"allow":["GET"]}}],"collection":[{"href":"https:\/\/portalmovil.com.ar\/index.php\/wp-json\/wp\/v2\/posts"}],"about":[{"href":"https:\/\/portalmovil.com.ar\/index.php\/wp-json\/wp\/v2\/types\/post"}],"author":[{"embeddable":true,"href":"https:\/\/portalmovil.com.ar\/index.php\/wp-json\/wp\/v2\/users\/2"}],"replies":[{"embeddable":true,"href":"https:\/\/portalmovil.com.ar\/index.php\/wp-json\/wp\/v2\/comments?post=112337"}],"version-history":[{"count":1,"href":"https:\/\/portalmovil.com.ar\/index.php\/wp-json\/wp\/v2\/posts\/112337\/revisions"}],"predecessor-version":[{"id":112339,"href":"https:\/\/portalmovil.com.ar\/index.php\/wp-json\/wp\/v2\/posts\/112337\/revisions\/112339"}],"wp:featuredmedia":[{"embeddable":true,"href":"https:\/\/portalmovil.com.ar\/index.php\/wp-json\/wp\/v2\/media\/112338"}],"wp:attachment":[{"href":"https:\/\/portalmovil.com.ar\/index.php\/wp-json\/wp\/v2\/media?parent=112337"}],"wp:term":[{"taxonomy":"category","embeddable":true,"href":"https:\/\/portalmovil.com.ar\/index.php\/wp-json\/wp\/v2\/categories?post=112337"},{"taxonomy":"post_tag","embeddable":true,"href":"https:\/\/portalmovil.com.ar\/index.php\/wp-json\/wp\/v2\/tags?post=112337"}],"curies":[{"name":"wp","href":"https:\/\/api.w.org\/{rel}","templated":true}]}}