{"id":112258,"date":"2025-09-11T22:12:26","date_gmt":"2025-09-12T01:12:26","guid":{"rendered":"https:\/\/portalmovil.com.ar\/?p=112258"},"modified":"2025-09-11T22:12:29","modified_gmt":"2025-09-12T01:12:29","slug":"javier-milei-veto-la-ley-que-repartia-los-atn-entre-las-provincias","status":"publish","type":"post","link":"https:\/\/portalmovil.com.ar\/index.php\/2025\/09\/11\/javier-milei-veto-la-ley-que-repartia-los-atn-entre-las-provincias\/","title":{"rendered":"Javier Milei vet\u00f3 la ley que repart\u00eda los ATN entre las provincias"},"content":{"rendered":"\n<p>Tras hacerlo el mi\u00e9rcoles con la Ley de Financiamiento Universitario y la Ley de Emergencia Pedi\u00e1trica, este jueves el presidente&nbsp;<strong>Javier Milei<\/strong>&nbsp;vet\u00f3 de forma total la ley que establece la coparticipaci\u00f3n de los&nbsp;<strong>Aportes del Tesoro Nacional (ATN)<\/strong>.<\/p>\n\n\n\n<p>Se trata de la objeci\u00f3n total al\u00a0<strong>Proyecto de Ley N\u00ba 27.794<\/strong>, que fue formalizado a trav\u00e9s del Decreto 652\/2025, tras ser aprobado en el Congreso. Buscaba modificar el r\u00e9gimen de los ATN, un fondo creado con la finalidad de atender \u00abdesequilibrios financieros y situaciones de emergencia\u00bb de las provincias y la Ciudad Aut\u00f3noma de Buenos Aires.<\/p>\n\n\n\n<p>Sin dudas representa un duro golpe para los gobernadores, que esperaban esta normativa para asegurar fondos y reducir la discrecionalidad en su asignaci\u00f3n, lo que abre camino a una nueva confrontaci\u00f3n casi en simult\u00e1neo con el reciente llamado a una \u00abmesa federal\u00bb.<\/p>\n\n\n\n<p>En los considerandos del veto, el Gobierno libertario argument\u00f3 que el Fondo de ATN fue instituido con una \u00abfinalidad espec\u00edfica\u00bb de atender emergencias y desequilibrios financieros, bajo la asignaci\u00f3n del entonces Ministerio del Interior (actual Vicejefatura de Gabinete del Interior).<\/p>\n","protected":false},"excerpt":{"rendered":"<p>Tras hacerlo el mi\u00e9rcoles con la Ley de Financiamiento Universitario y la Ley de Emergencia Pedi\u00e1trica, este jueves el presidente&nbsp;Javier Milei&nbsp;vet\u00f3 de forma total la ley que establece la coparticipaci\u00f3n de los&nbsp;Aportes del Tesoro Nacional (ATN). Se trata de la objeci\u00f3n total al\u00a0Proyecto de Ley N\u00ba 27.794, que fue formalizado a trav\u00e9s del Decreto 652\/2025, &hellip;<\/p>\n","protected":false},"author":2,"featured_media":112259,"comment_status":"open","ping_status":"open","sticky":false,"template":"","format":"standard","meta":{"_jetpack_memberships_contains_paid_content":false,"footnotes":"","jetpack_publicize_message":"","jetpack_publicize_feature_enabled":true,"jetpack_social_post_already_shared":true,"jetpack_social_options":{"image_generator_settings":{"template":"highway","default_image_id":0,"font":"","enabled":false},"version":2}},"categories":[12],"tags":[],"class_list":["post-112258","post","type-post","status-publish","format-standard","has-post-thumbnail","hentry","category-ultimo"],"jetpack_publicize_connections":[],"jetpack_featured_media_url":"https:\/\/portalmovil.com.ar\/wp-content\/uploads\/2025\/09\/el-presidente-javier-QB3AL6IUZBBPNHJVGKYVP5JMRY.webp","jetpack_sharing_enabled":true,"amp_enabled":true,"_links":{"self":[{"href":"https:\/\/portalmovil.com.ar\/index.php\/wp-json\/wp\/v2\/posts\/112258","targetHints":{"allow":["GET"]}}],"collection":[{"href":"https:\/\/portalmovil.com.ar\/index.php\/wp-json\/wp\/v2\/posts"}],"about":[{"href":"https:\/\/portalmovil.com.ar\/index.php\/wp-json\/wp\/v2\/types\/post"}],"author":[{"embeddable":true,"href":"https:\/\/portalmovil.com.ar\/index.php\/wp-json\/wp\/v2\/users\/2"}],"replies":[{"embeddable":true,"href":"https:\/\/portalmovil.com.ar\/index.php\/wp-json\/wp\/v2\/comments?post=112258"}],"version-history":[{"count":1,"href":"https:\/\/portalmovil.com.ar\/index.php\/wp-json\/wp\/v2\/posts\/112258\/revisions"}],"predecessor-version":[{"id":112260,"href":"https:\/\/portalmovil.com.ar\/index.php\/wp-json\/wp\/v2\/posts\/112258\/revisions\/112260"}],"wp:featuredmedia":[{"embeddable":true,"href":"https:\/\/portalmovil.com.ar\/index.php\/wp-json\/wp\/v2\/media\/112259"}],"wp:attachment":[{"href":"https:\/\/portalmovil.com.ar\/index.php\/wp-json\/wp\/v2\/media?parent=112258"}],"wp:term":[{"taxonomy":"category","embeddable":true,"href":"https:\/\/portalmovil.com.ar\/index.php\/wp-json\/wp\/v2\/categories?post=112258"},{"taxonomy":"post_tag","embeddable":true,"href":"https:\/\/portalmovil.com.ar\/index.php\/wp-json\/wp\/v2\/tags?post=112258"}],"curies":[{"name":"wp","href":"https:\/\/api.w.org\/{rel}","templated":true}]}}