{"id":11218,"date":"2020-08-15T13:36:58","date_gmt":"2020-08-15T16:36:58","guid":{"rendered":"https:\/\/portalmovil.com.ar\/?p=11218"},"modified":"2020-08-15T13:37:03","modified_gmt":"2020-08-15T16:37:03","slug":"cafiero-macri-no-tiene-idea-de-lo-que-esta-pasando-en-argentina-en-este-momento","status":"publish","type":"post","link":"https:\/\/portalmovil.com.ar\/index.php\/2020\/08\/15\/cafiero-macri-no-tiene-idea-de-lo-que-esta-pasando-en-argentina-en-este-momento\/","title":{"rendered":"Cafiero: \u00abMacri no tiene idea de lo que est\u00e1 pasando en Argentina en este momento\u00bb"},"content":{"rendered":"\n<p>El jefe de Gabinete, Santiago Cafiero, dijo hoy que el ex presidente Mauricio Macri \u00abest\u00e1 alejad\u00edsimo y no tiene idea lo que est\u00e1 pasando en Argentina en este momento\u00bb y consider\u00f3 que la convocatoria de algunos sectores de la oposici\u00f3n para el lunes implica \u00abun riesgo epidemiol\u00f3gico\u00bb y busca \u00abhacerle un da\u00f1o al Gobierno\u00bb. <\/p>\n\n\n\n<p>En declaraciones a radio La Red, Cafiero afirm\u00f3 que Macri \u00abest\u00e1 alejado mental, emocional y f\u00edsicamente\u00bb del pa\u00eds y \u00abno tiene idea lo que pasa en las guardias del conurbano y de la ciudad\u00bb de Buenos Aires producto del coronavirus. \u00ab\u00bfCu\u00e1l fue el compromiso de Macri ante la pandemia? Ninguno, firmar solicitadas nada m\u00e1s. <\/p>\n\n\n\n<p>El est\u00e1 muy alejado realmente, no tiene idea lo que est\u00e1 pasando\u00bb, dijo el jefe de Gabinete, y agreg\u00f3 que no sabe \u00absi motoriza o no\u00bb la convocatoria realizada a trav\u00e9s de las redes sociales para el lunes, en distintos puntos del pa\u00eds. <\/p>\n\n\n\n<p>\u00abMe tiene sin cuidado. Bastante da\u00f1o nos hizo durante cuatro a\u00f1os\u00bb, agreg\u00f3 Cafiero. Y calific\u00f3 a la marcha del lunes como \u00abun riesgo epidemiol\u00f3gico por lo que generan este tipo de concentraciones\u00bb. Por \u00faltimo, consider\u00f3 que \u00abhay una parte de la oposici\u00f3n que est\u00e1 tratando de fomentar buscar hacerle un da\u00f1o al Gobierno, pero en realidad le hacen un da\u00f1o a todos los argentinos que se est\u00e1n cuidando\u00bb. <\/p>\n\n\n\n<p>\u201cDesde el punto de vista pol\u00edtico, -continu\u00f3- puede haber varias miradas distintas. Pero hablar de libertades no tiene mucho que ver con lo que est\u00e1 pasando en Argentina porque estamos trabajando con la lucha de la pandemia y muchos argentinos est\u00e1n comprometidos con eso y vamos a salir adelante con una responsabilidad individual que se va a transformar en colectiva\u201d<\/p>\n\n\n\n<figure class=\"wp-block-image size-large\"><a href=\"https:\/\/portalmovil.com.ar\/index.php\/suscripciones\/\"><img loading=\"lazy\" decoding=\"async\" width=\"1024\" height=\"123\" src=\"https:\/\/portalmovil.com.ar\/wp-content\/uploads\/2020\/08\/suscripciones-PM-1024x123-1-49.png\" alt=\"\" class=\"wp-image-11116\" srcset=\"https:\/\/portalmovil.com.ar\/wp-content\/uploads\/2020\/08\/suscripciones-PM-1024x123-1-49.png 1024w, https:\/\/portalmovil.com.ar\/wp-content\/uploads\/2020\/08\/suscripciones-PM-1024x123-1-49-300x36.png 300w, https:\/\/portalmovil.com.ar\/wp-content\/uploads\/2020\/08\/suscripciones-PM-1024x123-1-49-768x92.png 768w\" sizes=\"auto, (max-width: 1024px) 100vw, 1024px\" \/><\/a><\/figure>\n","protected":false},"excerpt":{"rendered":"<p>El jefe de Gabinete, Santiago Cafiero, dijo hoy que el ex presidente Mauricio Macri \u00abest\u00e1 alejad\u00edsimo y no tiene idea lo que est\u00e1 pasando en Argentina en este momento\u00bb y consider\u00f3 que la convocatoria de algunos sectores de la oposici\u00f3n para el lunes implica \u00abun riesgo epidemiol\u00f3gico\u00bb y busca \u00abhacerle un da\u00f1o al Gobierno\u00bb. En &hellip;<\/p>\n","protected":false},"author":2,"featured_media":11219,"comment_status":"open","ping_status":"open","sticky":false,"template":"","format":"standard","meta":{"_jetpack_memberships_contains_paid_content":false,"footnotes":"","jetpack_publicize_message":"","jetpack_publicize_feature_enabled":true,"jetpack_social_post_already_shared":true,"jetpack_social_options":{"image_generator_settings":{"template":"highway","default_image_id":0,"font":"","enabled":false},"version":2}},"categories":[14],"tags":[],"class_list":["post-11218","post","type-post","status-publish","format-standard","has-post-thumbnail","hentry","category-politica"],"jetpack_publicize_connections":[],"jetpack_featured_media_url":"https:\/\/portalmovil.com.ar\/wp-content\/uploads\/2020\/08\/unnamed-6.jpg","jetpack_sharing_enabled":true,"amp_enabled":true,"_links":{"self":[{"href":"https:\/\/portalmovil.com.ar\/index.php\/wp-json\/wp\/v2\/posts\/11218","targetHints":{"allow":["GET"]}}],"collection":[{"href":"https:\/\/portalmovil.com.ar\/index.php\/wp-json\/wp\/v2\/posts"}],"about":[{"href":"https:\/\/portalmovil.com.ar\/index.php\/wp-json\/wp\/v2\/types\/post"}],"author":[{"embeddable":true,"href":"https:\/\/portalmovil.com.ar\/index.php\/wp-json\/wp\/v2\/users\/2"}],"replies":[{"embeddable":true,"href":"https:\/\/portalmovil.com.ar\/index.php\/wp-json\/wp\/v2\/comments?post=11218"}],"version-history":[{"count":1,"href":"https:\/\/portalmovil.com.ar\/index.php\/wp-json\/wp\/v2\/posts\/11218\/revisions"}],"predecessor-version":[{"id":11220,"href":"https:\/\/portalmovil.com.ar\/index.php\/wp-json\/wp\/v2\/posts\/11218\/revisions\/11220"}],"wp:featuredmedia":[{"embeddable":true,"href":"https:\/\/portalmovil.com.ar\/index.php\/wp-json\/wp\/v2\/media\/11219"}],"wp:attachment":[{"href":"https:\/\/portalmovil.com.ar\/index.php\/wp-json\/wp\/v2\/media?parent=11218"}],"wp:term":[{"taxonomy":"category","embeddable":true,"href":"https:\/\/portalmovil.com.ar\/index.php\/wp-json\/wp\/v2\/categories?post=11218"},{"taxonomy":"post_tag","embeddable":true,"href":"https:\/\/portalmovil.com.ar\/index.php\/wp-json\/wp\/v2\/tags?post=11218"}],"curies":[{"name":"wp","href":"https:\/\/api.w.org\/{rel}","templated":true}]}}