{"id":111744,"date":"2025-08-27T10:35:56","date_gmt":"2025-08-27T13:35:56","guid":{"rendered":"https:\/\/portalmovil.com.ar\/?p=111744"},"modified":"2025-08-27T10:36:00","modified_gmt":"2025-08-27T13:36:00","slug":"la-lla-chaco-trucha-capi-rodriguez-debera-declarar-en-la-justicia-este-jueves","status":"publish","type":"post","link":"https:\/\/portalmovil.com.ar\/index.php\/2025\/08\/27\/la-lla-chaco-trucha-capi-rodriguez-debera-declarar-en-la-justicia-este-jueves\/","title":{"rendered":"La LLA Chaco Trucha: \u00abCapi\u00bb Rodriguez deber\u00e1 declarar en la justicia este jueves"},"content":{"rendered":"\n<p>Deber\u00e1 comparecer a partir de las 8.30 ante la Justicia Federal de Resistencia. Est\u00e1 acusado de falsedad ideol\u00f3gica, abuso de autoridad y violaci\u00f3n de los deberes de funcionario p\u00fablico. Se sospecha que particip\u00f3 de una maniobra para fraguar avales partidarios tomando informaci\u00f3n de la base de datos de ANSES y PAMI.<\/p>\n\n\n\n<p>El presidente de La Libertad Avanza del Chaco y delegado regional de ANSES, Alfredo \u2018Capi\u2019 Rodr\u00edguez, deber\u00e1 declarar este jueves ante la Justicia Federal de Resistencia en el marco de la causa por presuntas afiliaciones ap\u00f3crifas al partido libertario local. As\u00ed lo dispuso la jueza Federal de Resistencia, Zunilda Niremperger. Deber\u00e1 comparecer a partir de las 8.30, a trav\u00e9s de la plataforma Google Meet.<\/p>\n\n\n\n<p>La investigaci\u00f3n, que fue delegada al fiscal Patricio Sabadini, revel\u00f3 hasta el momento que casi 60 personas que aparecen afiliadas a La Libertad Avanza, negaron haberse sumado al partido libertario. Entre los damnificados, hay personas de avanzada edad, analfabetos, seniles y con enfermedades motrices. Se sospecha que Rodr\u00edguez utiliz\u00f3 las bases de datos de ANSES y PAMI para realizar esta maniobra.<\/p>\n\n\n\n<p>Rodr\u00edguez ya design\u00f3 a dos abogados defensores: Zacar\u00edas Issolio y Mercedes del Rosario Goit\u00eda, quien tambi\u00e9n es flamante candidata a diputada nacional por la coalici\u00f3n de LLA y la UCR chaque\u00f1a. Lista de candidatos que, debido a sus problemas legales, \u2018Capi\u2019 no fue tomado en cuenta para integrar.<\/p>\n","protected":false},"excerpt":{"rendered":"<p>Deber\u00e1 comparecer a partir de las 8.30 ante la Justicia Federal de Resistencia. Est\u00e1 acusado de falsedad ideol\u00f3gica, abuso de autoridad y violaci\u00f3n de los deberes de funcionario p\u00fablico. Se sospecha que particip\u00f3 de una maniobra para fraguar avales partidarios tomando informaci\u00f3n de la base de datos de ANSES y PAMI. El presidente de La &hellip;<\/p>\n","protected":false},"author":2,"featured_media":110003,"comment_status":"open","ping_status":"open","sticky":false,"template":"","format":"standard","meta":{"_jetpack_memberships_contains_paid_content":false,"footnotes":"","jetpack_publicize_message":"","jetpack_publicize_feature_enabled":true,"jetpack_social_post_already_shared":true,"jetpack_social_options":{"image_generator_settings":{"template":"highway","default_image_id":0,"font":"","enabled":false},"version":2}},"categories":[5,50],"tags":[],"class_list":["post-111744","post","type-post","status-publish","format-standard","has-post-thumbnail","hentry","category-chaco","category-judiciales"],"jetpack_publicize_connections":[],"jetpack_featured_media_url":"https:\/\/portalmovil.com.ar\/wp-content\/uploads\/2025\/07\/IMG-20250713-WA0139.jpg","jetpack_sharing_enabled":true,"amp_enabled":true,"_links":{"self":[{"href":"https:\/\/portalmovil.com.ar\/index.php\/wp-json\/wp\/v2\/posts\/111744","targetHints":{"allow":["GET"]}}],"collection":[{"href":"https:\/\/portalmovil.com.ar\/index.php\/wp-json\/wp\/v2\/posts"}],"about":[{"href":"https:\/\/portalmovil.com.ar\/index.php\/wp-json\/wp\/v2\/types\/post"}],"author":[{"embeddable":true,"href":"https:\/\/portalmovil.com.ar\/index.php\/wp-json\/wp\/v2\/users\/2"}],"replies":[{"embeddable":true,"href":"https:\/\/portalmovil.com.ar\/index.php\/wp-json\/wp\/v2\/comments?post=111744"}],"version-history":[{"count":1,"href":"https:\/\/portalmovil.com.ar\/index.php\/wp-json\/wp\/v2\/posts\/111744\/revisions"}],"predecessor-version":[{"id":111745,"href":"https:\/\/portalmovil.com.ar\/index.php\/wp-json\/wp\/v2\/posts\/111744\/revisions\/111745"}],"wp:featuredmedia":[{"embeddable":true,"href":"https:\/\/portalmovil.com.ar\/index.php\/wp-json\/wp\/v2\/media\/110003"}],"wp:attachment":[{"href":"https:\/\/portalmovil.com.ar\/index.php\/wp-json\/wp\/v2\/media?parent=111744"}],"wp:term":[{"taxonomy":"category","embeddable":true,"href":"https:\/\/portalmovil.com.ar\/index.php\/wp-json\/wp\/v2\/categories?post=111744"},{"taxonomy":"post_tag","embeddable":true,"href":"https:\/\/portalmovil.com.ar\/index.php\/wp-json\/wp\/v2\/tags?post=111744"}],"curies":[{"name":"wp","href":"https:\/\/api.w.org\/{rel}","templated":true}]}}