{"id":111684,"date":"2025-08-25T19:10:31","date_gmt":"2025-08-25T22:10:31","guid":{"rendered":"https:\/\/portalmovil.com.ar\/?p=111684"},"modified":"2025-08-25T19:11:12","modified_gmt":"2025-08-25T22:11:12","slug":"piden-una-condena-de-8-meses-para-jorge-capitanich-en-la-causa-futbol-para-todos","status":"publish","type":"post","link":"https:\/\/portalmovil.com.ar\/index.php\/2025\/08\/25\/piden-una-condena-de-8-meses-para-jorge-capitanich-en-la-causa-futbol-para-todos\/","title":{"rendered":"Piden una condena de 8 meses para Jorge Capitanich en la causa F\u00fatbol para Todos"},"content":{"rendered":"\n<p>En el juicio por la causa \u201cF\u00fatbol para Todos\u201d, el fiscal general Miguel \u00c1ngel Osorio pidi\u00f3 condenar a tres a\u00f1os de prisi\u00f3n e inhabilitaci\u00f3n perpetua para ejercer cargos p\u00fablicos a An\u00edbal Fern\u00e1ndez, mientras que para Jorge Capitanich solicit\u00f3 una pena de ocho meses, en ambos casos por las presuntas irregularidades en las que habr\u00edan incurrido mientras se desempe\u00f1aron como jefes de Gabinete de Cristina Fern\u00e1ndez de Kirchner.<strong>\u00a0Seg\u00fan la acusaci\u00f3n, existi\u00f3 un perjuicio al Estado por m\u00e1s de 131.608.000 pesos entre 2010 y 2015.<\/strong><\/p>\n\n\n\n<p>En su alegato de este lunes ante el Tribunal Oral Federal N\u00b0 1, el Ministerio P\u00fablico Fiscal tambi\u00e9n pidi\u00f3 condenar a Luis Segura, ex presidente de AFA -dos a\u00f1os de prisi\u00f3n-; Carlos Alberto Pandolfi, ex tesorero de Futbolistas Argentinos Agremiados (FAA) -un a\u00f1o-; Norberto Monteleone, ex gerente general de ese sindicato -un a\u00f1o-; y a Natale Antonio Rigano, expresidente de la firma Iveco -dos a\u00f1os-.<\/p>\n\n\n\n<p><strong>El pedido de pena para An\u00edbal Fern\u00e1ndez es de ejecuci\u00f3n condicional. Lo acusaron de haber sido autor del delito de administraci\u00f3n fraudulenta en perjuicio del Estado, en concurso real con violaci\u00f3n de los deberes de funcionario p\u00fablico. A Capitanich, en tanto, solo le imputaron ese \u00faltimo delito y una inhabilitaci\u00f3n por el doble del tiempo de la condena que reciba.<\/strong><\/p>\n\n\n\n<p>En tanto, el fiscal Osorio no impuls\u00f3 la acusaci\u00f3n contra Gabriel Mariotto, ex coordinador de F\u00fatbol para Todos; Miguel \u00c1ngel Silva, ex secretario general de AFA; Rub\u00e9n Manuel Raposo, ex administrador financiero de AFA; Ra\u00fal Pagano, ex gerente financiero de FAA; Sergio Marchi, ex secretario general de FAA; y Eduardo Amirante, Jorge Antonio Galitis y Carlos D\u00e1vola, los directivos de las entidades crediticias Cooperativa de Vivienda Cr\u00e9dito y Consumo Amigal Limitada y Grupo Climafin. Para todos ellos el MPF solicit\u00f3 la absoluci\u00f3n.<\/p>\n\n\n\n<p>La Procuradur\u00eda de Investigaciones Administrativas (PIA), que tambi\u00e9n particip\u00f3 de los alegatos, detall\u00f3 cu\u00e1nto dinero p\u00fablico se habr\u00edan llevado las supuestas maniobras de corrupci\u00f3n entre 2010 y 2015. Para los 131.608.000 pesos que totalizar\u00edan la defraudaci\u00f3n, solicitaron que los acusados lo reintegren solidariamente -actualizado a cifras actuales- en beneficio del Ente Nacional de Alto Rendimiento Deportivo (Enard) y la Asociaci\u00f3n del F\u00fatbol Argentino.<\/p>\n\n\n\n<p>Una vez concluidos los alegatos de la fiscal\u00eda, el TOF N\u00b0 1 &#8211; integrado por los jueces Ricardo Bas\u00edlico, Jos\u00e9 Michilini y Adri\u00e1n Gr\u00fcnbeg-, llam\u00f3 a un cuarto intermedio hasta el 8 de septiembre, cuando comenzar\u00e1n las exposiciones de las defensas.<\/p>\n","protected":false},"excerpt":{"rendered":"<p>En el juicio por la causa \u201cF\u00fatbol para Todos\u201d, el fiscal general Miguel \u00c1ngel Osorio pidi\u00f3 condenar a tres a\u00f1os de prisi\u00f3n e inhabilitaci\u00f3n perpetua para ejercer cargos p\u00fablicos a An\u00edbal Fern\u00e1ndez, mientras que para Jorge Capitanich solicit\u00f3 una pena de ocho meses, en ambos casos por las presuntas irregularidades en las que habr\u00edan incurrido &hellip;<\/p>\n","protected":false},"author":2,"featured_media":111686,"comment_status":"open","ping_status":"open","sticky":false,"template":"","format":"standard","meta":{"_jetpack_memberships_contains_paid_content":false,"footnotes":"","jetpack_publicize_message":"","jetpack_publicize_feature_enabled":true,"jetpack_social_post_already_shared":true,"jetpack_social_options":{"image_generator_settings":{"template":"highway","default_image_id":0,"font":"","enabled":false},"version":2}},"categories":[5,50],"tags":[],"class_list":["post-111684","post","type-post","status-publish","format-standard","has-post-thumbnail","hentry","category-chaco","category-judiciales"],"jetpack_publicize_connections":[],"jetpack_featured_media_url":"https:\/\/portalmovil.com.ar\/wp-content\/uploads\/2025\/08\/1756159819120.jpg","jetpack_sharing_enabled":true,"amp_enabled":true,"_links":{"self":[{"href":"https:\/\/portalmovil.com.ar\/index.php\/wp-json\/wp\/v2\/posts\/111684","targetHints":{"allow":["GET"]}}],"collection":[{"href":"https:\/\/portalmovil.com.ar\/index.php\/wp-json\/wp\/v2\/posts"}],"about":[{"href":"https:\/\/portalmovil.com.ar\/index.php\/wp-json\/wp\/v2\/types\/post"}],"author":[{"embeddable":true,"href":"https:\/\/portalmovil.com.ar\/index.php\/wp-json\/wp\/v2\/users\/2"}],"replies":[{"embeddable":true,"href":"https:\/\/portalmovil.com.ar\/index.php\/wp-json\/wp\/v2\/comments?post=111684"}],"version-history":[{"count":1,"href":"https:\/\/portalmovil.com.ar\/index.php\/wp-json\/wp\/v2\/posts\/111684\/revisions"}],"predecessor-version":[{"id":111685,"href":"https:\/\/portalmovil.com.ar\/index.php\/wp-json\/wp\/v2\/posts\/111684\/revisions\/111685"}],"wp:featuredmedia":[{"embeddable":true,"href":"https:\/\/portalmovil.com.ar\/index.php\/wp-json\/wp\/v2\/media\/111686"}],"wp:attachment":[{"href":"https:\/\/portalmovil.com.ar\/index.php\/wp-json\/wp\/v2\/media?parent=111684"}],"wp:term":[{"taxonomy":"category","embeddable":true,"href":"https:\/\/portalmovil.com.ar\/index.php\/wp-json\/wp\/v2\/categories?post=111684"},{"taxonomy":"post_tag","embeddable":true,"href":"https:\/\/portalmovil.com.ar\/index.php\/wp-json\/wp\/v2\/tags?post=111684"}],"curies":[{"name":"wp","href":"https:\/\/api.w.org\/{rel}","templated":true}]}}