{"id":111548,"date":"2025-08-21T11:39:46","date_gmt":"2025-08-21T14:39:46","guid":{"rendered":"https:\/\/portalmovil.com.ar\/?p=111548"},"modified":"2025-08-21T11:39:49","modified_gmt":"2025-08-21T14:39:49","slug":"luis-caputo-aseguro-que-se-continuara-con-el-plan-de-ajuste","status":"publish","type":"post","link":"https:\/\/portalmovil.com.ar\/index.php\/2025\/08\/21\/luis-caputo-aseguro-que-se-continuara-con-el-plan-de-ajuste\/","title":{"rendered":"Luis Caputo asegur\u00f3 que se continuar\u00e1 con el plan de ajuste"},"content":{"rendered":"\n<p>El ministro de Econom\u00eda minimiz\u00f3 la decisi\u00f3n de Diputados de anular el veto presidencial a la Emergencia en Discapacidad y asegur\u00f3 que el Gobierno seguir\u00e1 con las reformas. En di\u00e1logo con empresarios, Caputo acus\u00f3 a la oposici\u00f3n de querer que \u00abal pa\u00eds le vaya mal\u00bb y se mostr\u00f3 confiado en que el rumbo ser\u00e1 respaldado en las pr\u00f3ximas elecciones.<\/p>\n\n\n\n<p>Luis Caputo habl\u00f3 ante empresarios en el Council de las Am\u00e9ricas y relativiz\u00f3 el rev\u00e9s que sufri\u00f3 el Gobierno en el Congreso por la anulaci\u00f3n del veto presidencial a la ley de Emergencia en Discapacidad. El ministro de Econom\u00eda asegur\u00f3 que la decisi\u00f3n de la C\u00e1mara de Diputados no modificar\u00e1 el rumbo de la gesti\u00f3n y reafirm\u00f3 los ejes del plan econ\u00f3mico.<\/p>\n\n\n\n<p><br>\u00abNo estoy siguiendo los acontecimientos del Congreso. Est\u00e1bamos preparados para esto. Estas actitudes las vemos desde hace 18 meses. Son obst\u00e1culos de corto plazo. No vamos a mover un \u00e1pice de nuestro programa econ\u00f3mico\u00bb, expres\u00f3 Caputo durante su exposici\u00f3n en el encuentro organizado por la C\u00e1mara Argentina de Comercio y Servicios (CAC).<\/p>\n\n\n\n<p><br>En ese sentido, acus\u00f3 a la oposici\u00f3n de intentar frenar el programa de reformas. \u00abLa vieja pol\u00edtica quiere que al pa\u00eds le vaya mal. Cuando mejor nos vaya econ\u00f3micamente, m\u00e1s ataques vamos a padecer\u00bb, plante\u00f3 ante el auditorio. Seg\u00fan el funcionario, el rechazo legislativo no altera la hoja de ruta definida por el Gobierno.<\/p>\n\n\n\n<p><br>Caputo subray\u00f3 que el oficialismo seguir\u00e1 adelante con su agenda y apel\u00f3 al respaldo ciudadano. \u00abLa gente vot\u00f3 un cambio. Si algo quiere la gente es que aceleremos y eso es lo que nosotros vamos a hacer\u00bb, sostuvo. Al mismo tiempo, se mostr\u00f3 confiado en que los argentinos \u00abratificar\u00e1n este rumbo en las urnas\u00bb durante las pr\u00f3ximas elecciones legislativas.<\/p>\n\n\n\n<p><br>El ministro destac\u00f3 adem\u00e1s la firmeza del presidente Javier Milei frente a las presiones pol\u00edticas. \u00abEs lo m\u00e1s valioso que tiene. Es importante tener a alguien que mantiene esas convicciones, aun en los momentos de mayor presi\u00f3n y de intentos de desbaratar el trabajo que venimos haciendo\u00bb, dijo.<\/p>\n\n\n\n<p><br>Durante su disertaci\u00f3n, Caputo tambi\u00e9n reafirm\u00f3 los objetivos econ\u00f3micos de la administraci\u00f3n. \u00abVamos a seguir bajando regulaciones y burocracias que molestan a todos. Y vamos a seguir generando empleo y mejores salarios\u00bb, se\u00f1al\u00f3. En esa l\u00ednea, agreg\u00f3: \u00abNuestro objetivo es que la Argentina se convierta en el pa\u00eds m\u00e1s libre y de mayor crecimiento en los pr\u00f3ximos 30 a\u00f1os\u00bb.<\/p>\n\n\n\n<p><br>El encuentro en el Council de las Am\u00e9ricas se desarrolla en Buenos Aires y re\u00fane a funcionarios nacionales y empresarios. Tras la presentaci\u00f3n de Caputo, est\u00e1 previsto que expongan el jefe de Gabinete, Guillermo Francos, la ministra de Capital Humano, Sandra Pettovello, y el ministro de Desregulaci\u00f3n, Federico Sturzenegger. El cierre estar\u00e1 a cargo del presidente Javier Milei, quien dar\u00e1 su discurso en la antesala electoral y luego de la discusi\u00f3n parlamentaria por los vetos.<\/p>\n","protected":false},"excerpt":{"rendered":"<p>El ministro de Econom\u00eda minimiz\u00f3 la decisi\u00f3n de Diputados de anular el veto presidencial a la Emergencia en Discapacidad y asegur\u00f3 que el Gobierno seguir\u00e1 con las reformas. En di\u00e1logo con empresarios, Caputo acus\u00f3 a la oposici\u00f3n de querer que \u00abal pa\u00eds le vaya mal\u00bb y se mostr\u00f3 confiado en que el rumbo ser\u00e1 respaldado &hellip;<\/p>\n","protected":false},"author":2,"featured_media":111549,"comment_status":"open","ping_status":"open","sticky":false,"template":"","format":"standard","meta":{"_jetpack_memberships_contains_paid_content":false,"footnotes":"","jetpack_publicize_message":"","jetpack_publicize_feature_enabled":true,"jetpack_social_post_already_shared":true,"jetpack_social_options":{"image_generator_settings":{"template":"highway","default_image_id":0,"font":"","enabled":false},"version":2}},"categories":[639,175],"tags":[],"class_list":["post-111548","post","type-post","status-publish","format-standard","has-post-thumbnail","hentry","category-argentina","category-economia"],"jetpack_publicize_connections":[],"jetpack_featured_media_url":"https:\/\/portalmovil.com.ar\/wp-content\/uploads\/2025\/08\/el-ministro-de-economia-luis-caputo-habia-anticipado-la-posibilidad-de-comprar-dolares-en-forma-directa-foto-na-PRB72G3U6RCRVISLFZHLYBWXUQ.jpg","jetpack_sharing_enabled":true,"amp_enabled":true,"_links":{"self":[{"href":"https:\/\/portalmovil.com.ar\/index.php\/wp-json\/wp\/v2\/posts\/111548","targetHints":{"allow":["GET"]}}],"collection":[{"href":"https:\/\/portalmovil.com.ar\/index.php\/wp-json\/wp\/v2\/posts"}],"about":[{"href":"https:\/\/portalmovil.com.ar\/index.php\/wp-json\/wp\/v2\/types\/post"}],"author":[{"embeddable":true,"href":"https:\/\/portalmovil.com.ar\/index.php\/wp-json\/wp\/v2\/users\/2"}],"replies":[{"embeddable":true,"href":"https:\/\/portalmovil.com.ar\/index.php\/wp-json\/wp\/v2\/comments?post=111548"}],"version-history":[{"count":1,"href":"https:\/\/portalmovil.com.ar\/index.php\/wp-json\/wp\/v2\/posts\/111548\/revisions"}],"predecessor-version":[{"id":111550,"href":"https:\/\/portalmovil.com.ar\/index.php\/wp-json\/wp\/v2\/posts\/111548\/revisions\/111550"}],"wp:featuredmedia":[{"embeddable":true,"href":"https:\/\/portalmovil.com.ar\/index.php\/wp-json\/wp\/v2\/media\/111549"}],"wp:attachment":[{"href":"https:\/\/portalmovil.com.ar\/index.php\/wp-json\/wp\/v2\/media?parent=111548"}],"wp:term":[{"taxonomy":"category","embeddable":true,"href":"https:\/\/portalmovil.com.ar\/index.php\/wp-json\/wp\/v2\/categories?post=111548"},{"taxonomy":"post_tag","embeddable":true,"href":"https:\/\/portalmovil.com.ar\/index.php\/wp-json\/wp\/v2\/tags?post=111548"}],"curies":[{"name":"wp","href":"https:\/\/api.w.org\/{rel}","templated":true}]}}