{"id":111069,"date":"2025-08-09T18:44:20","date_gmt":"2025-08-09T21:44:20","guid":{"rendered":"https:\/\/portalmovil.com.ar\/?p=111069"},"modified":"2025-08-09T18:44:23","modified_gmt":"2025-08-09T21:44:23","slug":"zdero-constato-la-exportacion-de-50-contenedores-de-cuero-salado-a-china","status":"publish","type":"post","link":"https:\/\/portalmovil.com.ar\/index.php\/2025\/08\/09\/zdero-constato-la-exportacion-de-50-contenedores-de-cuero-salado-a-china\/","title":{"rendered":"Zdero constat\u00f3 la exportaci\u00f3n de 50 contenedores de cuero salado a China"},"content":{"rendered":"\n<h3 class=\"wp-block-heading\"><strong>El primer mandatario provincial junto a la administradora del Puerto de Barranqueras, Alicia Azula, estuvieron este viernes en las instalaciones portuarias, para constatar la hist\u00f3rica puesta en marcha de la carga de cuero salado con destino a China.<\/strong>&nbsp;<\/h3>\n\n\n\n<p>Adem\u00e1s, destac\u00f3 que se despacharon 50 contenedores y que la meta es duplicar esa cifra en los pr\u00f3ximos meses, en el marco de un trabajo articulado con el Senasa.<\/p>\n\n\n\n<h3 class=\"wp-block-heading\"><strong>ZDERO: \u00abCHACO SE ABRE AL MUNDO\u00bb<\/strong><\/h3>\n\n\n\n<p>\u00abEstamos consolidando un hecho hist\u00f3rico. Se trata de cargas de cuero salado que nunca se realizaron en el Puerto de Barranqueras.&nbsp;<strong>Casualmente aqu\u00ed, en la barraca de Puerto Tirol donde se produce, ten\u00edan que ir a los puertos de Buenos Aires primero para que puedan salir; as\u00ed que estamos dando un paso importante\u00bb, precis\u00f3.<\/strong><\/p>\n\n\n\n<p>En ese sentido, continu\u00f3:&nbsp;<strong>\u00abEs un paso importante, porque significa que ahora estamos con 50 contenedores mensuales que tenemos que garantizar para exportar a China y nuestra meta es poder llegar en los pr\u00f3ximos meses a 100 contenedores\u00bb.<\/strong><\/p>\n\n\n\n<p>El primer mandatario provincial valor\u00f3 tambi\u00e9n las gestiones realizadas por la administradora del Puerto de Barranqueras, Alicia Azula, y del diputado nacional por Chaco, Carlos Garc\u00eda.<\/p>\n\n\n\n<p>\u00abVenimos utilizando un puerto que nunca deb\u00eda dejar de funcionar. Esto significa gesti\u00f3n y es el punto inicial de lo que queremos para la provincia, una provincia que produzca, que trabaje y que se abra al mundo\u00bb, concluy\u00f3 el jefe del Ejecutivo chaque\u00f1o.<\/p>\n","protected":false},"excerpt":{"rendered":"<p>El primer mandatario provincial junto a la administradora del Puerto de Barranqueras, Alicia Azula, estuvieron este viernes en las instalaciones portuarias, para constatar la hist\u00f3rica puesta en marcha de la carga de cuero salado con destino a China.&nbsp; Adem\u00e1s, destac\u00f3 que se despacharon 50 contenedores y que la meta es duplicar esa cifra en los &hellip;<\/p>\n","protected":false},"author":2,"featured_media":111070,"comment_status":"open","ping_status":"open","sticky":false,"template":"","format":"standard","meta":{"_jetpack_memberships_contains_paid_content":false,"footnotes":"","jetpack_publicize_message":"","jetpack_publicize_feature_enabled":true,"jetpack_social_post_already_shared":true,"jetpack_social_options":{"image_generator_settings":{"template":"highway","default_image_id":0,"font":"","enabled":false},"version":2}},"categories":[5,14],"tags":[],"class_list":["post-111069","post","type-post","status-publish","format-standard","has-post-thumbnail","hentry","category-chaco","category-politica"],"jetpack_publicize_connections":[],"jetpack_featured_media_url":"https:\/\/portalmovil.com.ar\/wp-content\/uploads\/2025\/08\/IMG-20250809-WA0022.jpg","jetpack_sharing_enabled":true,"amp_enabled":true,"_links":{"self":[{"href":"https:\/\/portalmovil.com.ar\/index.php\/wp-json\/wp\/v2\/posts\/111069","targetHints":{"allow":["GET"]}}],"collection":[{"href":"https:\/\/portalmovil.com.ar\/index.php\/wp-json\/wp\/v2\/posts"}],"about":[{"href":"https:\/\/portalmovil.com.ar\/index.php\/wp-json\/wp\/v2\/types\/post"}],"author":[{"embeddable":true,"href":"https:\/\/portalmovil.com.ar\/index.php\/wp-json\/wp\/v2\/users\/2"}],"replies":[{"embeddable":true,"href":"https:\/\/portalmovil.com.ar\/index.php\/wp-json\/wp\/v2\/comments?post=111069"}],"version-history":[{"count":1,"href":"https:\/\/portalmovil.com.ar\/index.php\/wp-json\/wp\/v2\/posts\/111069\/revisions"}],"predecessor-version":[{"id":111071,"href":"https:\/\/portalmovil.com.ar\/index.php\/wp-json\/wp\/v2\/posts\/111069\/revisions\/111071"}],"wp:featuredmedia":[{"embeddable":true,"href":"https:\/\/portalmovil.com.ar\/index.php\/wp-json\/wp\/v2\/media\/111070"}],"wp:attachment":[{"href":"https:\/\/portalmovil.com.ar\/index.php\/wp-json\/wp\/v2\/media?parent=111069"}],"wp:term":[{"taxonomy":"category","embeddable":true,"href":"https:\/\/portalmovil.com.ar\/index.php\/wp-json\/wp\/v2\/categories?post=111069"},{"taxonomy":"post_tag","embeddable":true,"href":"https:\/\/portalmovil.com.ar\/index.php\/wp-json\/wp\/v2\/tags?post=111069"}],"curies":[{"name":"wp","href":"https:\/\/api.w.org\/{rel}","templated":true}]}}