{"id":110851,"date":"2025-08-05T16:24:32","date_gmt":"2025-08-05T19:24:32","guid":{"rendered":"https:\/\/portalmovil.com.ar\/?p=110851"},"modified":"2025-08-05T16:24:40","modified_gmt":"2025-08-05T19:24:40","slug":"programas-provinciales-el-viernes-comienza-el-pago-por-parte-del-gobierno","status":"publish","type":"post","link":"https:\/\/portalmovil.com.ar\/index.php\/2025\/08\/05\/programas-provinciales-el-viernes-comienza-el-pago-por-parte-del-gobierno\/","title":{"rendered":"Programas provinciales: el viernes comienza el pago por parte del gobierno"},"content":{"rendered":"\n<p>El Gobierno del Chaco, a trav\u00e9s del Ministerio de Hacienda y Finanzas, inform\u00f3 el cronograma de pagos de los programas provinciales, que se iniciar\u00e1 este viernes 8 de agosto. Ese d\u00eda cobrar\u00e1n los beneficiarios de los programas Pueblos Originarios y Expertos, ambos dependientes del Ministerio de Salud P\u00fablica.<\/p>\n\n\n\n<p>El cronograma continuar\u00e1 el mi\u00e9rcoles 13 de agosto, con el pago a los beneficiarios de las Becas M\u00e1s Salud (Salud P\u00fablica) y M\u00e1s Gobierno (Ministerio de Gobierno).<\/p>\n\n\n\n<p>Finalmente, el jueves 14 de agosto percibir\u00e1n sus haberes:<br>-M\u00e1s Desarrollo (ex M\u00e1s Inclusi\u00f3n), Ministerio de Desarrollo Humano.<br>-\u00d1achec (ex Renta M\u00ednima Progresiva).<br>-Canillitas (programa de reconversi\u00f3n laboral), Ministerio de Desarrollo Humano.<br>-Servicio de Mantenimiento de Establecimientos Educativos, Ministerio de Educaci\u00f3n.<\/p>\n\n\n\n<p>Desde la cartera econ\u00f3mica, que encabeza Alejandro Abraam, recordaron que los haberes estar\u00e1n depositados en las cuentas del Nuevo Banco del Chaco (NBCH) y podr\u00e1n retirarse a trav\u00e9s de todos los canales electr\u00f3nicos de la entidad financiera.<\/p>\n","protected":false},"excerpt":{"rendered":"<p>El Gobierno del Chaco, a trav\u00e9s del Ministerio de Hacienda y Finanzas, inform\u00f3 el cronograma de pagos de los programas provinciales, que se iniciar\u00e1 este viernes 8 de agosto. Ese d\u00eda cobrar\u00e1n los beneficiarios de los programas Pueblos Originarios y Expertos, ambos dependientes del Ministerio de Salud P\u00fablica. El cronograma continuar\u00e1 el mi\u00e9rcoles 13 de &hellip;<\/p>\n","protected":false},"author":2,"featured_media":76345,"comment_status":"open","ping_status":"open","sticky":false,"template":"","format":"standard","meta":{"_jetpack_memberships_contains_paid_content":false,"footnotes":"","jetpack_publicize_message":"","jetpack_publicize_feature_enabled":true,"jetpack_social_post_already_shared":true,"jetpack_social_options":{"image_generator_settings":{"template":"highway","default_image_id":0,"font":"","enabled":false},"version":2}},"categories":[5,175],"tags":[],"class_list":["post-110851","post","type-post","status-publish","format-standard","has-post-thumbnail","hentry","category-chaco","category-economia"],"jetpack_publicize_connections":[],"jetpack_featured_media_url":"https:\/\/portalmovil.com.ar\/wp-content\/uploads\/2023\/05\/63ebaa001c670892814762.jpg","jetpack_sharing_enabled":true,"amp_enabled":true,"_links":{"self":[{"href":"https:\/\/portalmovil.com.ar\/index.php\/wp-json\/wp\/v2\/posts\/110851","targetHints":{"allow":["GET"]}}],"collection":[{"href":"https:\/\/portalmovil.com.ar\/index.php\/wp-json\/wp\/v2\/posts"}],"about":[{"href":"https:\/\/portalmovil.com.ar\/index.php\/wp-json\/wp\/v2\/types\/post"}],"author":[{"embeddable":true,"href":"https:\/\/portalmovil.com.ar\/index.php\/wp-json\/wp\/v2\/users\/2"}],"replies":[{"embeddable":true,"href":"https:\/\/portalmovil.com.ar\/index.php\/wp-json\/wp\/v2\/comments?post=110851"}],"version-history":[{"count":1,"href":"https:\/\/portalmovil.com.ar\/index.php\/wp-json\/wp\/v2\/posts\/110851\/revisions"}],"predecessor-version":[{"id":110852,"href":"https:\/\/portalmovil.com.ar\/index.php\/wp-json\/wp\/v2\/posts\/110851\/revisions\/110852"}],"wp:featuredmedia":[{"embeddable":true,"href":"https:\/\/portalmovil.com.ar\/index.php\/wp-json\/wp\/v2\/media\/76345"}],"wp:attachment":[{"href":"https:\/\/portalmovil.com.ar\/index.php\/wp-json\/wp\/v2\/media?parent=110851"}],"wp:term":[{"taxonomy":"category","embeddable":true,"href":"https:\/\/portalmovil.com.ar\/index.php\/wp-json\/wp\/v2\/categories?post=110851"},{"taxonomy":"post_tag","embeddable":true,"href":"https:\/\/portalmovil.com.ar\/index.php\/wp-json\/wp\/v2\/tags?post=110851"}],"curies":[{"name":"wp","href":"https:\/\/api.w.org\/{rel}","templated":true}]}}