{"id":110734,"date":"2025-08-03T10:29:57","date_gmt":"2025-08-03T13:29:57","guid":{"rendered":"https:\/\/portalmovil.com.ar\/?p=110734"},"modified":"2025-08-03T10:30:00","modified_gmt":"2025-08-03T13:30:00","slug":"ronaldinho-fue-detenido-en-b-don-santiago-apunalo-a-un-joven-porque-ser-cornudo","status":"publish","type":"post","link":"https:\/\/portalmovil.com.ar\/index.php\/2025\/08\/03\/ronaldinho-fue-detenido-en-b-don-santiago-apunalo-a-un-joven-porque-ser-cornudo\/","title":{"rendered":"\u00abRonaldinho\u00bb fue detenido en b\u00b0 Don Santiago: apu\u00f1al\u00f3 a un joven porque ser cornudo"},"content":{"rendered":"\n<p>Un hombre de 36 a\u00f1os result\u00f3 herido tras ser atacado por sorpresa con un cuchillo mientras caminaba por la calle Machagai, en el barrio Don Santiago I de Resistencia. El hecho ocurri\u00f3 este s\u00e1bado \u00faltimo alrededor de las 23 horas y el presunto autor fue demorado a los pocos minutos en la misma zona.<\/p>\n\n\n\n<p>Seg\u00fan fuentes policiales, la v\u00edctima, identificada como Lucas F., logr\u00f3 escapar herido y pedir ayuda en la casa de una vecina, quien relat\u00f3 que el joven lleg\u00f3 corriendo y ensangrentado, alertando que lo hab\u00edan atacado sin previo aviso.<\/p>\n\n\n\n<p>El agresor fue identificado como M.P., alias \u00abRonaldi\u00f1o\u00bb, de 32 a\u00f1os, quien habr\u00eda interceptado al damnificado y lo agredi\u00f3 con un cuchillo tras acusarlo de tener un v\u00ednculo con su pareja actual.<\/p>\n\n\n\n<p>Personal de la Comisar\u00eda 13\u00b0 intervino en el lugar junto a efectivos de la 10\u00b0, y logr\u00f3 demorar a M.P. en el mismo barrio. La v\u00edctima fue atendida por el servicio de emergencias 107, mientras que la causa fue caratulada como \u00abS\/Herido de arma blanca\u00bb.<\/p>\n\n\n\n<p>El hecho qued\u00f3 en manos de la Justicia, que deber\u00e1 determinar la gravedad de las lesiones y avanzar con las imputaciones correspondientes.<\/p>\n","protected":false},"excerpt":{"rendered":"<p>Un hombre de 36 a\u00f1os result\u00f3 herido tras ser atacado por sorpresa con un cuchillo mientras caminaba por la calle Machagai, en el barrio Don Santiago I de Resistencia. El hecho ocurri\u00f3 este s\u00e1bado \u00faltimo alrededor de las 23 horas y el presunto autor fue demorado a los pocos minutos en la misma zona. Seg\u00fan &hellip;<\/p>\n","protected":false},"author":2,"featured_media":110735,"comment_status":"open","ping_status":"open","sticky":false,"template":"","format":"standard","meta":{"_jetpack_memberships_contains_paid_content":false,"footnotes":"","jetpack_publicize_message":"","jetpack_publicize_feature_enabled":true,"jetpack_social_post_already_shared":true,"jetpack_social_options":{"image_generator_settings":{"template":"highway","default_image_id":0,"font":"","enabled":false},"version":2}},"categories":[8,37],"tags":[],"class_list":["post-110734","post","type-post","status-publish","format-standard","has-post-thumbnail","hentry","category-policiales","category-resistencia"],"jetpack_publicize_connections":[],"jetpack_featured_media_url":"https:\/\/portalmovil.com.ar\/wp-content\/uploads\/2025\/08\/IMG-20250803-WA0002.jpg","jetpack_sharing_enabled":true,"amp_enabled":true,"_links":{"self":[{"href":"https:\/\/portalmovil.com.ar\/index.php\/wp-json\/wp\/v2\/posts\/110734","targetHints":{"allow":["GET"]}}],"collection":[{"href":"https:\/\/portalmovil.com.ar\/index.php\/wp-json\/wp\/v2\/posts"}],"about":[{"href":"https:\/\/portalmovil.com.ar\/index.php\/wp-json\/wp\/v2\/types\/post"}],"author":[{"embeddable":true,"href":"https:\/\/portalmovil.com.ar\/index.php\/wp-json\/wp\/v2\/users\/2"}],"replies":[{"embeddable":true,"href":"https:\/\/portalmovil.com.ar\/index.php\/wp-json\/wp\/v2\/comments?post=110734"}],"version-history":[{"count":1,"href":"https:\/\/portalmovil.com.ar\/index.php\/wp-json\/wp\/v2\/posts\/110734\/revisions"}],"predecessor-version":[{"id":110736,"href":"https:\/\/portalmovil.com.ar\/index.php\/wp-json\/wp\/v2\/posts\/110734\/revisions\/110736"}],"wp:featuredmedia":[{"embeddable":true,"href":"https:\/\/portalmovil.com.ar\/index.php\/wp-json\/wp\/v2\/media\/110735"}],"wp:attachment":[{"href":"https:\/\/portalmovil.com.ar\/index.php\/wp-json\/wp\/v2\/media?parent=110734"}],"wp:term":[{"taxonomy":"category","embeddable":true,"href":"https:\/\/portalmovil.com.ar\/index.php\/wp-json\/wp\/v2\/categories?post=110734"},{"taxonomy":"post_tag","embeddable":true,"href":"https:\/\/portalmovil.com.ar\/index.php\/wp-json\/wp\/v2\/tags?post=110734"}],"curies":[{"name":"wp","href":"https:\/\/api.w.org\/{rel}","templated":true}]}}