{"id":110716,"date":"2025-08-02T10:30:09","date_gmt":"2025-08-02T13:30:09","guid":{"rendered":"https:\/\/portalmovil.com.ar\/?p=110716"},"modified":"2025-08-02T10:30:13","modified_gmt":"2025-08-02T13:30:13","slug":"en-colonia-elisa-zdero-habilito-las-refacciones-en-el-club-social-y-deportivo-union","status":"publish","type":"post","link":"https:\/\/portalmovil.com.ar\/index.php\/2025\/08\/02\/en-colonia-elisa-zdero-habilito-las-refacciones-en-el-club-social-y-deportivo-union\/","title":{"rendered":"En Colonia Elisa, Zdero habilit\u00f3 las refacciones en el Club Social y Deportivo Uni\u00f3n"},"content":{"rendered":"\n<p>El gobernador Leandro Zdero habilit\u00f3, este viernes, las refacciones en el Club Social y Deportivo Uni\u00f3n de Colonia Elisa a trav\u00e9s de Loter\u00eda Chaque\u00f1a, abarcando vestuarios de local, visitante y \u00e1rbitros; muro y cerco perimetral, fachada, port\u00f3n de acceso y boleter\u00eda. \u201cPara nosotros es un orgullo estar compartiendo esta realizaci\u00f3n, que es un logro para quienes son socios y quienes abrazan la trayectoria de este club\u201d, afirm\u00f3 el mandatario.<\/p>\n\n\n\n<p>Acompa\u00f1ado por el presidente del Instituto del Deporte Chaque\u00f1o, Fabio V\u00e1zquez; y el titular de Loter\u00eda, Lucas Apud Masin y con la presencia del presidente del Club, Andr\u00e9s Morales, el primer mandatario provincial celebr\u00f3 la posibilidad de \u201cayudar para que tengan su cancha en condiciones, todo el cerramiento, los vestuarios, y el acceso\u201d considerando que \u201cel club ha quedado realmente hermoso\u201d, augurando que las instalaciones \u201csean usadas por todos y quienes vienen a la pr\u00e1ctica del deporte\u201d.<\/p>\n\n\n\n<p>Por otra parte, remarc\u00f3 la importancia del trabajo en conjunto \u201cpara nosotros es un logro y por supuesto cada vez que los intendentes se puedan sumar y puedan colaborar tambi\u00e9n es importante\u201d, y ponderando, a su vez \u201cPara nosotros el compromiso es estar en territorio, en contacto directo con la gente y este compromiso lo hab\u00edamos hecho, as\u00ed que compromiso asumido, compromiso cumplido\u201d, sostuvo Zdero,.<\/p>\n","protected":false},"excerpt":{"rendered":"<p>El gobernador Leandro Zdero habilit\u00f3, este viernes, las refacciones en el Club Social y Deportivo Uni\u00f3n de Colonia Elisa a trav\u00e9s de Loter\u00eda Chaque\u00f1a, abarcando vestuarios de local, visitante y \u00e1rbitros; muro y cerco perimetral, fachada, port\u00f3n de acceso y boleter\u00eda. \u201cPara nosotros es un orgullo estar compartiendo esta realizaci\u00f3n, que es un logro para &hellip;<\/p>\n","protected":false},"author":2,"featured_media":110717,"comment_status":"open","ping_status":"open","sticky":false,"template":"","format":"standard","meta":{"_jetpack_memberships_contains_paid_content":false,"footnotes":"","jetpack_publicize_message":"","jetpack_publicize_feature_enabled":true,"jetpack_social_post_already_shared":true,"jetpack_social_options":{"image_generator_settings":{"template":"highway","default_image_id":0,"font":"","enabled":false},"version":2}},"categories":[5,14],"tags":[],"class_list":["post-110716","post","type-post","status-publish","format-standard","has-post-thumbnail","hentry","category-chaco","category-politica"],"jetpack_publicize_connections":[],"jetpack_featured_media_url":"https:\/\/portalmovil.com.ar\/wp-content\/uploads\/2025\/08\/club-union.jpg","jetpack_sharing_enabled":true,"amp_enabled":true,"_links":{"self":[{"href":"https:\/\/portalmovil.com.ar\/index.php\/wp-json\/wp\/v2\/posts\/110716","targetHints":{"allow":["GET"]}}],"collection":[{"href":"https:\/\/portalmovil.com.ar\/index.php\/wp-json\/wp\/v2\/posts"}],"about":[{"href":"https:\/\/portalmovil.com.ar\/index.php\/wp-json\/wp\/v2\/types\/post"}],"author":[{"embeddable":true,"href":"https:\/\/portalmovil.com.ar\/index.php\/wp-json\/wp\/v2\/users\/2"}],"replies":[{"embeddable":true,"href":"https:\/\/portalmovil.com.ar\/index.php\/wp-json\/wp\/v2\/comments?post=110716"}],"version-history":[{"count":1,"href":"https:\/\/portalmovil.com.ar\/index.php\/wp-json\/wp\/v2\/posts\/110716\/revisions"}],"predecessor-version":[{"id":110718,"href":"https:\/\/portalmovil.com.ar\/index.php\/wp-json\/wp\/v2\/posts\/110716\/revisions\/110718"}],"wp:featuredmedia":[{"embeddable":true,"href":"https:\/\/portalmovil.com.ar\/index.php\/wp-json\/wp\/v2\/media\/110717"}],"wp:attachment":[{"href":"https:\/\/portalmovil.com.ar\/index.php\/wp-json\/wp\/v2\/media?parent=110716"}],"wp:term":[{"taxonomy":"category","embeddable":true,"href":"https:\/\/portalmovil.com.ar\/index.php\/wp-json\/wp\/v2\/categories?post=110716"},{"taxonomy":"post_tag","embeddable":true,"href":"https:\/\/portalmovil.com.ar\/index.php\/wp-json\/wp\/v2\/tags?post=110716"}],"curies":[{"name":"wp","href":"https:\/\/api.w.org\/{rel}","templated":true}]}}