{"id":110616,"date":"2025-07-31T18:06:37","date_gmt":"2025-07-31T21:06:37","guid":{"rendered":"https:\/\/portalmovil.com.ar\/?p=110616"},"modified":"2025-07-31T18:06:41","modified_gmt":"2025-07-31T21:06:41","slug":"corrientes-tiene-18-anos-y-sera-candidato-a-intendente","status":"publish","type":"post","link":"https:\/\/portalmovil.com.ar\/index.php\/2025\/07\/31\/corrientes-tiene-18-anos-y-sera-candidato-a-intendente\/","title":{"rendered":"Corrientes: tiene 18 a\u00f1os y ser\u00e1 candidato a intendente"},"content":{"rendered":"\n<p><strong>Marcelo<\/strong><strong>Iba\u00f1ez<\/strong>&nbsp;tiene apenas<strong>&nbsp;18 a\u00f1os<\/strong>&nbsp;y ya aspira a conducir los destinos de&nbsp;<strong>Loreto<\/strong>, una peque\u00f1a localidad correntina ubicada en el departamento&nbsp;<strong>San<\/strong><strong>Miguel<\/strong>. Se presenta como candidato a intendente por la lista&nbsp;<strong>Cambi\u00e1<\/strong><strong>Corrientes<\/strong>, que lleva a Sonia L\u00f3pez como candidata a gobernadora, y recorre los barrios y zonas rurales en bicicleta, llevando sus propuestas escritas en una libreta.&nbsp;<strong>\u00abA los j\u00f3venes nos marginan de la pol\u00edtica y no nos dejan participar\u00bb<\/strong>, expres\u00f3 en di\u00e1logo con Nueva Mirada Radio, y asegur\u00f3 que su campa\u00f1a busca \u00ababrirle una puerta\u00bb a su generaci\u00f3n para que puedan estudiar, trabajar y desarrollarse en su propio pueblo.<\/p>\n\n\n\n<p><br>El joven estudiante del sexto a\u00f1o del&nbsp;<strong>Colegio<\/strong><strong>Secundario<\/strong><strong>de Loreto<\/strong>&nbsp;propone convenios con universidades para evitar que los j\u00f3venes deban emigrar a&nbsp;<strong>Corrientes<\/strong>&nbsp;o Posadas. Tambi\u00e9n promueve la creaci\u00f3n de un parque industrial, la finalizaci\u00f3n del hospital local con profesionales capacitados, y la implementaci\u00f3n de un sistema de cloacas y desag\u00fces para evitar las frecuentes inundaciones.&nbsp;<strong>\u00abParece un hotel, pero no hay salas de parto ni incubadoras\u00bb<\/strong>, denunci\u00f3 sobre el actual centro de salud. Su campa\u00f1a tambi\u00e9n incluye el acceso al deporte y la cultura, con la apertura del polideportivo y la creaci\u00f3n de una escuela de ajedrez:&nbsp;<strong>\u00abes un deporte que abre la mente\u00bb<\/strong>, dijo.<\/p>\n\n\n\n<p><br>M\u00e1s all\u00e1 de sus propuestas concretas, Iba\u00f1ez insiste en recuperar valores en la pol\u00edtica.&nbsp;<strong>\u00abHoy se perdi\u00f3 la lealtad pol\u00edtica\u00bb<\/strong>, sostuvo, y apunt\u00f3 contra la compra de voluntades con dinero. Su experiencia como candidato \u2014a la que define como&nbsp;<strong>\u00abhermosa\u00bb<\/strong>\u2014 lo llev\u00f3 a conocer de cerca las necesidades del pueblo, tomando nota de lo que le comentan los vecinos.&nbsp;<strong>\u00abTambi\u00e9n soy un alumno que estoy aprendiendo de los problemas que me cuenta la gente\u00bb,<\/strong>&nbsp;coment\u00f3, y remarc\u00f3 la importancia de no perder la identidad loretana por tener que irse a estudiar o trabajar lejos.<\/p>\n\n\n\n<p><br>Con la m\u00fasica de<strong>&nbsp;Bad Bunny y el<\/strong><strong>Duki<\/strong>&nbsp;como banda sonora de su&nbsp;<strong>adolescencia<\/strong>,&nbsp;<strong>Marcelo<\/strong>&nbsp;afirma que su mayor motivaci\u00f3n es el amor por Loreto y el deseo de que su generaci\u00f3n pueda construir un futuro all\u00ed.<strong>&nbsp;\u00abLos pol\u00edticos dicen que los j\u00f3venes somos el futuro, pero al terminar la secundaria tenemos que hacer nuestro futuro en otro lado\u00bb,<\/strong>&nbsp;concluy\u00f3, y dej\u00f3 un mensaje a quienes no lo apoyan<strong>: \u00abme gustar\u00eda que me escuchen y acompa\u00f1en, porque los j\u00f3venes somos el presente y el futuro\u00bb.<\/strong><\/p>\n","protected":false},"excerpt":{"rendered":"<p>MarceloIba\u00f1ez&nbsp;tiene apenas&nbsp;18 a\u00f1os&nbsp;y ya aspira a conducir los destinos de&nbsp;Loreto, una peque\u00f1a localidad correntina ubicada en el departamento&nbsp;SanMiguel. Se presenta como candidato a intendente por la lista&nbsp;Cambi\u00e1Corrientes, que lleva a Sonia L\u00f3pez como candidata a gobernadora, y recorre los barrios y zonas rurales en bicicleta, llevando sus propuestas escritas en una libreta.&nbsp;\u00abA los j\u00f3venes nos &hellip;<\/p>\n","protected":false},"author":2,"featured_media":110617,"comment_status":"open","ping_status":"open","sticky":false,"template":"","format":"standard","meta":{"_jetpack_memberships_contains_paid_content":false,"footnotes":"","jetpack_publicize_message":"","jetpack_publicize_feature_enabled":true,"jetpack_social_post_already_shared":true,"jetpack_social_options":{"image_generator_settings":{"template":"highway","default_image_id":0,"font":"","enabled":false},"version":2}},"categories":[3],"tags":[],"class_list":["post-110616","post","type-post","status-publish","format-standard","has-post-thumbnail","hentry","category-sociedad"],"jetpack_publicize_connections":[],"jetpack_featured_media_url":"https:\/\/portalmovil.com.ar\/wp-content\/uploads\/2025\/07\/IMG-20250731-WA0076.jpg","jetpack_sharing_enabled":true,"amp_enabled":true,"_links":{"self":[{"href":"https:\/\/portalmovil.com.ar\/index.php\/wp-json\/wp\/v2\/posts\/110616","targetHints":{"allow":["GET"]}}],"collection":[{"href":"https:\/\/portalmovil.com.ar\/index.php\/wp-json\/wp\/v2\/posts"}],"about":[{"href":"https:\/\/portalmovil.com.ar\/index.php\/wp-json\/wp\/v2\/types\/post"}],"author":[{"embeddable":true,"href":"https:\/\/portalmovil.com.ar\/index.php\/wp-json\/wp\/v2\/users\/2"}],"replies":[{"embeddable":true,"href":"https:\/\/portalmovil.com.ar\/index.php\/wp-json\/wp\/v2\/comments?post=110616"}],"version-history":[{"count":1,"href":"https:\/\/portalmovil.com.ar\/index.php\/wp-json\/wp\/v2\/posts\/110616\/revisions"}],"predecessor-version":[{"id":110618,"href":"https:\/\/portalmovil.com.ar\/index.php\/wp-json\/wp\/v2\/posts\/110616\/revisions\/110618"}],"wp:featuredmedia":[{"embeddable":true,"href":"https:\/\/portalmovil.com.ar\/index.php\/wp-json\/wp\/v2\/media\/110617"}],"wp:attachment":[{"href":"https:\/\/portalmovil.com.ar\/index.php\/wp-json\/wp\/v2\/media?parent=110616"}],"wp:term":[{"taxonomy":"category","embeddable":true,"href":"https:\/\/portalmovil.com.ar\/index.php\/wp-json\/wp\/v2\/categories?post=110616"},{"taxonomy":"post_tag","embeddable":true,"href":"https:\/\/portalmovil.com.ar\/index.php\/wp-json\/wp\/v2\/tags?post=110616"}],"curies":[{"name":"wp","href":"https:\/\/api.w.org\/{rel}","templated":true}]}}