{"id":110394,"date":"2025-07-25T10:18:18","date_gmt":"2025-07-25T13:18:18","guid":{"rendered":"https:\/\/portalmovil.com.ar\/?p=110394"},"modified":"2025-07-25T10:18:22","modified_gmt":"2025-07-25T13:18:22","slug":"la-justicia-electoral-de-santa-cruz-habilito-a-cristina-kirchner-para-poder-votar","status":"publish","type":"post","link":"https:\/\/portalmovil.com.ar\/index.php\/2025\/07\/25\/la-justicia-electoral-de-santa-cruz-habilito-a-cristina-kirchner-para-poder-votar\/","title":{"rendered":"La justicia electoral de Santa Cruz habilit\u00f3 a Cristina Kirchner para poder votar"},"content":{"rendered":"\n<p>La Justicia Federal de R\u00edo Gallegos resolvi\u00f3 este jueves habilitar a Cristina Fern\u00e1ndez de Kirchner para que pueda votar en las elecciones de octubre, a pesar de su condena en la causa Vialidad. <\/p>\n\n\n\n<p>El fallo declar\u00f3 inconstitucional la prohibici\u00f3n que pesaba sobre la expresidenta y la incorpor\u00f3 nuevamente al padr\u00f3n electoral de la provincia de Santa Cruz.<\/p>\n","protected":false},"excerpt":{"rendered":"<p>La Justicia Federal de R\u00edo Gallegos resolvi\u00f3 este jueves habilitar a Cristina Fern\u00e1ndez de Kirchner para que pueda votar en las elecciones de octubre, a pesar de su condena en la causa Vialidad. El fallo declar\u00f3 inconstitucional la prohibici\u00f3n que pesaba sobre la expresidenta y la incorpor\u00f3 nuevamente al padr\u00f3n electoral de la provincia de &hellip;<\/p>\n","protected":false},"author":2,"featured_media":110395,"comment_status":"open","ping_status":"open","sticky":false,"template":"","format":"standard","meta":{"_jetpack_memberships_contains_paid_content":false,"footnotes":"","jetpack_publicize_message":"","jetpack_publicize_feature_enabled":true,"jetpack_social_post_already_shared":true,"jetpack_social_options":{"image_generator_settings":{"template":"highway","default_image_id":0,"font":"","enabled":false},"version":2}},"categories":[639,14],"tags":[],"class_list":["post-110394","post","type-post","status-publish","format-standard","has-post-thumbnail","hentry","category-argentina","category-politica"],"jetpack_publicize_connections":[],"jetpack_featured_media_url":"https:\/\/portalmovil.com.ar\/wp-content\/uploads\/2025\/07\/cristina-votandojpg.jpg","jetpack_sharing_enabled":true,"amp_enabled":true,"_links":{"self":[{"href":"https:\/\/portalmovil.com.ar\/index.php\/wp-json\/wp\/v2\/posts\/110394","targetHints":{"allow":["GET"]}}],"collection":[{"href":"https:\/\/portalmovil.com.ar\/index.php\/wp-json\/wp\/v2\/posts"}],"about":[{"href":"https:\/\/portalmovil.com.ar\/index.php\/wp-json\/wp\/v2\/types\/post"}],"author":[{"embeddable":true,"href":"https:\/\/portalmovil.com.ar\/index.php\/wp-json\/wp\/v2\/users\/2"}],"replies":[{"embeddable":true,"href":"https:\/\/portalmovil.com.ar\/index.php\/wp-json\/wp\/v2\/comments?post=110394"}],"version-history":[{"count":1,"href":"https:\/\/portalmovil.com.ar\/index.php\/wp-json\/wp\/v2\/posts\/110394\/revisions"}],"predecessor-version":[{"id":110396,"href":"https:\/\/portalmovil.com.ar\/index.php\/wp-json\/wp\/v2\/posts\/110394\/revisions\/110396"}],"wp:featuredmedia":[{"embeddable":true,"href":"https:\/\/portalmovil.com.ar\/index.php\/wp-json\/wp\/v2\/media\/110395"}],"wp:attachment":[{"href":"https:\/\/portalmovil.com.ar\/index.php\/wp-json\/wp\/v2\/media?parent=110394"}],"wp:term":[{"taxonomy":"category","embeddable":true,"href":"https:\/\/portalmovil.com.ar\/index.php\/wp-json\/wp\/v2\/categories?post=110394"},{"taxonomy":"post_tag","embeddable":true,"href":"https:\/\/portalmovil.com.ar\/index.php\/wp-json\/wp\/v2\/tags?post=110394"}],"curies":[{"name":"wp","href":"https:\/\/api.w.org\/{rel}","templated":true}]}}