{"id":110374,"date":"2025-07-24T17:54:08","date_gmt":"2025-07-24T20:54:08","guid":{"rendered":"https:\/\/portalmovil.com.ar\/?p=110374"},"modified":"2025-07-24T17:54:12","modified_gmt":"2025-07-24T20:54:12","slug":"desplazan-a-24-policias-bonaerenses-por-confabulacion-y-por-intento-de-golpe-institucional","status":"publish","type":"post","link":"https:\/\/portalmovil.com.ar\/index.php\/2025\/07\/24\/desplazan-a-24-policias-bonaerenses-por-confabulacion-y-por-intento-de-golpe-institucional\/","title":{"rendered":"Desplazan a 24 polic\u00edas bonaerenses por \u201cconfabulaci\u00f3n\u201d y por \u201cintento de golpe institucional\u201d"},"content":{"rendered":"\n<p>Veinticuatro polic\u00edas bonaerenses vinculados al excomisario Maximiliano Bondarenko, candidato de La Libertad Avanza en la Tercera Secci\u00f3n electoral, fueron desplazados por \u201cconfabulaci\u00f3n\u201d e intento de dar \u201cun golpe institucional\u201d al comando de esa repartici\u00f3n, confirm\u00f3 hoy el ministro de Seguridad provincial, Javier Alonso.<\/p>\n\n\n\n<p>El funcionario explic\u00f3 que lleg\u00f3 a la Direcci\u00f3n de Asuntos Internos \u201cuna denuncia an\u00f3nima muy completa, con much\u00edsimos detalles\u201d que daba cuenta de \u201cla confabulaci\u00f3n de un grupo de 24 polic\u00edas, algunos de ellos oficiales destacados de la instituci\u00f3n, y en ese grupo tambi\u00e9n se inclu\u00eda al candidato (Bondarenko) como polic\u00eda retirado\u201d.<\/p>\n\n\n\n<p>\u201cUtilizaban las oficinas y los elementos del Estado para brindar apoyo a este candidato, pero fundamentalmente para dise\u00f1ar una serie de medidas urgentes, que los inclu\u00edan a ellos como nuevos responsables de la instituci\u00f3n en lo que ser\u00eda un golpe al comando institucional\u201d, relat\u00f3 el ministro en declaraciones radiales.<\/p>\n\n\n\n<p>Resalt\u00f3 que la maniobra apuntaba a \u201cinstalarse ellos y una camada de polic\u00edas en el comando institucional, pasando a retiro obligatorio a una serie de altos mandos policiales que est\u00e1n en funciones\u201d, y relacion\u00f3 esto con \u201cun Presidente que el alg\u00fan momento habl\u00f3 de intervenir la provincia\u201d.<\/p>\n\n\n\n<p>Se\u00f1al\u00f3 que, tras recibir la denuncia, el auditor general de la Polic\u00eda bonaerense \u201cdispuso revisar las dos dependencias m\u00e1s importantes involucradas\u201d y como resultado \u201cse certific\u00f3 que todo lo que dec\u00eda la denuncia an\u00f3nima era cierto, y se encontr\u00f3 much\u00edsima documentaci\u00f3n y proyectos que \u201cno tienen nada que ver con la labor policial\u201d.<\/p>\n\n\n\n<p>Alonso asegur\u00f3 que la investigaci\u00f3n y el desplazamiento de los 24 polic\u00edas \u201cno tiene nada que ver\u201d con el hecho de que Bondarenko \u201csea candidato\u201d por LLA, y recalc\u00f3 que en el pasado \u201cya fue concejal, se present\u00f3 en una elecci\u00f3n, pidi\u00f3 autorizaci\u00f3n y luego licencia, porque est\u00e1 claro que por la Ley Org\u00e1nica los integrantes de la Polic\u00eda no pueden organizarse pol\u00edticamente\u201d.<\/p>\n\n\n\n<p>\u201cSe orden\u00f3 la desafectaci\u00f3n del personal involucrado, que est\u00e1 en disponibilidad y sometido a investigaci\u00f3n, y se realiz\u00f3 la denuncia judicial que corresponde\u201d, subray\u00f3 el ministro, al tiempo que adelant\u00f3 que \u201cla denuncia tambi\u00e9n incluye cuestiones m\u00e1s graves que deber\u00e1n corroborarse\u201d, aunque no dio detalles del tipo de delitos que abarcar\u00eda.<\/p>\n\n\n\n<p>Alonso enfatiz\u00f3 que \u201cde ninguna manera podemos permitir que un grupo de polic\u00edas se confabule contra el comando institucional\u201d, y puntualiz\u00f3 que los involucrados \u201cse reun\u00edan peri\u00f3dicamente con el candidato\u201d al que identific\u00f3 como \u201cla terminal pol\u00edtica\u201d a la que respond\u00edan los uniformados desafectados.<\/p>\n\n\n\n<p>\u201cAhora iremos viendo como sigue la investigaci\u00f3n -a\u00f1adi\u00f3 en declaraciones a Radio 10-, porque son muchas personas, algunos son oficiales muy destacados, que ya fueron notificados de la desafectaci\u00f3n y ahora seguir\u00e1 el proceso administrativo y el judicial\u201d.<\/p>\n","protected":false},"excerpt":{"rendered":"<p>Veinticuatro polic\u00edas bonaerenses vinculados al excomisario Maximiliano Bondarenko, candidato de La Libertad Avanza en la Tercera Secci\u00f3n electoral, fueron desplazados por \u201cconfabulaci\u00f3n\u201d e intento de dar \u201cun golpe institucional\u201d al comando de esa repartici\u00f3n, confirm\u00f3 hoy el ministro de Seguridad provincial, Javier Alonso. El funcionario explic\u00f3 que lleg\u00f3 a la Direcci\u00f3n de Asuntos Internos \u201cuna &hellip;<\/p>\n","protected":false},"author":2,"featured_media":110375,"comment_status":"open","ping_status":"open","sticky":false,"template":"","format":"standard","meta":{"_jetpack_memberships_contains_paid_content":false,"footnotes":"","jetpack_publicize_message":"","jetpack_publicize_feature_enabled":true,"jetpack_social_post_already_shared":true,"jetpack_social_options":{"image_generator_settings":{"template":"highway","default_image_id":0,"font":"","enabled":false},"version":2}},"categories":[639,8],"tags":[],"class_list":["post-110374","post","type-post","status-publish","format-standard","has-post-thumbnail","hentry","category-argentina","category-policiales"],"jetpack_publicize_connections":[],"jetpack_featured_media_url":"https:\/\/portalmovil.com.ar\/wp-content\/uploads\/2025\/07\/multimedia.normal.a7e10623cfb93a84.bm9ybWFsLndlYnA.webp","jetpack_sharing_enabled":true,"amp_enabled":true,"_links":{"self":[{"href":"https:\/\/portalmovil.com.ar\/index.php\/wp-json\/wp\/v2\/posts\/110374","targetHints":{"allow":["GET"]}}],"collection":[{"href":"https:\/\/portalmovil.com.ar\/index.php\/wp-json\/wp\/v2\/posts"}],"about":[{"href":"https:\/\/portalmovil.com.ar\/index.php\/wp-json\/wp\/v2\/types\/post"}],"author":[{"embeddable":true,"href":"https:\/\/portalmovil.com.ar\/index.php\/wp-json\/wp\/v2\/users\/2"}],"replies":[{"embeddable":true,"href":"https:\/\/portalmovil.com.ar\/index.php\/wp-json\/wp\/v2\/comments?post=110374"}],"version-history":[{"count":1,"href":"https:\/\/portalmovil.com.ar\/index.php\/wp-json\/wp\/v2\/posts\/110374\/revisions"}],"predecessor-version":[{"id":110376,"href":"https:\/\/portalmovil.com.ar\/index.php\/wp-json\/wp\/v2\/posts\/110374\/revisions\/110376"}],"wp:featuredmedia":[{"embeddable":true,"href":"https:\/\/portalmovil.com.ar\/index.php\/wp-json\/wp\/v2\/media\/110375"}],"wp:attachment":[{"href":"https:\/\/portalmovil.com.ar\/index.php\/wp-json\/wp\/v2\/media?parent=110374"}],"wp:term":[{"taxonomy":"category","embeddable":true,"href":"https:\/\/portalmovil.com.ar\/index.php\/wp-json\/wp\/v2\/categories?post=110374"},{"taxonomy":"post_tag","embeddable":true,"href":"https:\/\/portalmovil.com.ar\/index.php\/wp-json\/wp\/v2\/tags?post=110374"}],"curies":[{"name":"wp","href":"https:\/\/api.w.org\/{rel}","templated":true}]}}