{"id":110263,"date":"2025-07-22T09:50:36","date_gmt":"2025-07-22T12:50:36","guid":{"rendered":"https:\/\/portalmovil.com.ar\/?p=110263"},"modified":"2025-07-22T09:50:40","modified_gmt":"2025-07-22T12:50:40","slug":"sameep-reparo-una-camara-del-segundo-acueducto-en-saenz-pena","status":"publish","type":"post","link":"https:\/\/portalmovil.com.ar\/index.php\/2025\/07\/22\/sameep-reparo-una-camara-del-segundo-acueducto-en-saenz-pena\/","title":{"rendered":"SAMEEP repar\u00f3 una c\u00e1mara del Segundo Acueducto en S\u00e1enz Pe\u00f1a"},"content":{"rendered":"\n<h3 class=\"wp-block-heading\"><strong>Agentes de la empresa Sameep intervinieron r\u00e1pidamente, tras detectarse vandalismo de las v\u00e1lvulas de aire de la c\u00e1mara, en cercan\u00edas de Presidencia Roque S\u00e1enz Pe\u00f1a, perteneciente al Segundo Acueducto del Interior.&nbsp;<\/strong>&nbsp;<\/h3>\n\n\n\n<p>Culminados los trabajos,&nbsp;<strong>el servicio de agua potable se normaliza paulatinamente, recuperando la presi\u00f3n y el caudal adecuado hacia las localidades de Corzuela, Charata y General Pinedo.<\/strong><\/p>\n\n\n\n<p>Dicha c\u00e1mara fue vandalizada en reiteradas ocasiones y, a pesar de haberse tomado todas las medidas desde la empresa, se repiten estos actos.&nbsp;<strong>En este caso, se da\u00f1\u00f3 la v\u00e1lvula de aire y producto de ello hubo que suspender el bombeo.<\/strong><\/p>\n\n\n\n<p>El presidente de Sameep, Nicol\u00e1s Diez, indic\u00f3 que<strong>&nbsp;\u00abeste inconveniente se origin\u00f3 producto del vandalismo de la infraestructura en esta zona, ocasionando como consecuencia baja presi\u00f3n de agua potable en varias localidades\u00bb.<\/strong><\/p>\n\n\n\n<p>\u00abEstos actos de vandalismo perpetrados por personas inescrupulosas, no s\u00f3lo afectan el patrimonio de la empresa, sino tambi\u00e9n el servicio que se brinda a los usuarios de la zona.&nbsp;<strong>Ante movimientos sospechosos de esta \u00edndole, se solicita la colaboraci\u00f3n de los vecinos y se insta a que radiquen la denuncia correspondiente, en la Seccional m\u00e1s cercana\u00bb, agreg\u00f3 el ingeniero Diez.<\/strong><\/p>\n\n\n\n<p>En tanto, el coordinador general del Segundo Acueducto para el Interior del Chaco, Mario Ropelato, manifest\u00f3 que&nbsp;<strong>\u00abya est\u00e1n culminadas las tareas y se repar\u00f3 la c\u00e1mara<\/strong>. La misma fue vandalizada en reiteradas oportunidades y, pese a tomar todas las medidas necesarias, volvi\u00f3 a ocurrir esta clase de actos que en este caso afect\u00f3 a varias localidades desde S\u00e1enz Pe\u00f1a hacia el sudoeste chaque\u00f1o\u00bb.<\/p>\n\n\n\n<p>\u00abUna vez culminada la reparaci\u00f3n, el abastecimiento de agua potable se normaliza paulatinamente, recuperando la presi\u00f3n y el caudal adecuado\u00bb, acot\u00f3 el ingeniero.<\/p>\n\n\n\n<p>Ropelato expres\u00f3, por otra parte, que \u00abtenemos registro fotogr\u00e1fico de cada uno de los actos vand\u00e1licos que se dieron en esta c\u00e1mara, en junio y diciembre del 2024, &nbsp;enero y febrero de 2025 y en esta ocasi\u00f3n\u00bb.<\/p>\n\n\n\n<p>Finalmente, el coordinador de zona II, Jos\u00e9 Mart\u00edn, resalt\u00f3 \u00abnuestros agentes hicieron el m\u00e1ximo de los esfuerzos para restablecer el servicio lo m\u00e1s r\u00e1pido posible y as\u00ed poder brindar un \u00f3ptimo abastecimiento de agua potable hacia las localidades afectadas por este acto de vandalismo\u00bb.<\/p>\n","protected":false},"excerpt":{"rendered":"<p>Agentes de la empresa Sameep intervinieron r\u00e1pidamente, tras detectarse vandalismo de las v\u00e1lvulas de aire de la c\u00e1mara, en cercan\u00edas de Presidencia Roque S\u00e1enz Pe\u00f1a, perteneciente al Segundo Acueducto del Interior.&nbsp;&nbsp; Culminados los trabajos,&nbsp;el servicio de agua potable se normaliza paulatinamente, recuperando la presi\u00f3n y el caudal adecuado hacia las localidades de Corzuela, Charata y &hellip;<\/p>\n","protected":false},"author":2,"featured_media":110264,"comment_status":"open","ping_status":"open","sticky":false,"template":"","format":"standard","meta":{"_jetpack_memberships_contains_paid_content":false,"footnotes":"","jetpack_publicize_message":"","jetpack_publicize_feature_enabled":true,"jetpack_social_post_already_shared":true,"jetpack_social_options":{"image_generator_settings":{"template":"highway","default_image_id":0,"font":"","enabled":false},"version":2}},"categories":[5,14],"tags":[],"class_list":["post-110263","post","type-post","status-publish","format-standard","has-post-thumbnail","hentry","category-chaco","category-politica"],"jetpack_publicize_connections":[],"jetpack_featured_media_url":"https:\/\/portalmovil.com.ar\/wp-content\/uploads\/2025\/07\/IMG-20250722-WA0003.jpg","jetpack_sharing_enabled":true,"amp_enabled":true,"_links":{"self":[{"href":"https:\/\/portalmovil.com.ar\/index.php\/wp-json\/wp\/v2\/posts\/110263","targetHints":{"allow":["GET"]}}],"collection":[{"href":"https:\/\/portalmovil.com.ar\/index.php\/wp-json\/wp\/v2\/posts"}],"about":[{"href":"https:\/\/portalmovil.com.ar\/index.php\/wp-json\/wp\/v2\/types\/post"}],"author":[{"embeddable":true,"href":"https:\/\/portalmovil.com.ar\/index.php\/wp-json\/wp\/v2\/users\/2"}],"replies":[{"embeddable":true,"href":"https:\/\/portalmovil.com.ar\/index.php\/wp-json\/wp\/v2\/comments?post=110263"}],"version-history":[{"count":1,"href":"https:\/\/portalmovil.com.ar\/index.php\/wp-json\/wp\/v2\/posts\/110263\/revisions"}],"predecessor-version":[{"id":110265,"href":"https:\/\/portalmovil.com.ar\/index.php\/wp-json\/wp\/v2\/posts\/110263\/revisions\/110265"}],"wp:featuredmedia":[{"embeddable":true,"href":"https:\/\/portalmovil.com.ar\/index.php\/wp-json\/wp\/v2\/media\/110264"}],"wp:attachment":[{"href":"https:\/\/portalmovil.com.ar\/index.php\/wp-json\/wp\/v2\/media?parent=110263"}],"wp:term":[{"taxonomy":"category","embeddable":true,"href":"https:\/\/portalmovil.com.ar\/index.php\/wp-json\/wp\/v2\/categories?post=110263"},{"taxonomy":"post_tag","embeddable":true,"href":"https:\/\/portalmovil.com.ar\/index.php\/wp-json\/wp\/v2\/tags?post=110263"}],"curies":[{"name":"wp","href":"https:\/\/api.w.org\/{rel}","templated":true}]}}