{"id":109986,"date":"2025-07-12T18:35:33","date_gmt":"2025-07-12T21:35:33","guid":{"rendered":"https:\/\/portalmovil.com.ar\/?p=109986"},"modified":"2025-07-12T18:35:37","modified_gmt":"2025-07-12T21:35:37","slug":"villaruel-critico-a-milei-que-ahorre-en-viajes-y-en-la-side","status":"publish","type":"post","link":"https:\/\/portalmovil.com.ar\/index.php\/2025\/07\/12\/villaruel-critico-a-milei-que-ahorre-en-viajes-y-en-la-side\/","title":{"rendered":"Villaruel cr\u00edtico a Milei: \u00abQue ahorre en viajes y en la SIDE\u00bb"},"content":{"rendered":"\n<p>La vicepresidenta Victoria Villarruel sorprendi\u00f3 con una cr\u00edtica dur\u00edsima al presidente marcando una vez m\u00e1s la distancia entre ellos. Villarruel defendi\u00f3 la sanci\u00f3n del Senado al aumento de las jubilaciones y la declaraci\u00f3n de emergencia en discapacidad.<\/p>\n\n\n\n<p>n una serie de respuestas desde su cuenta oficial de Instagram, realizadas el viernes por la noche,&nbsp;<strong>sostuvo que el Gobierno deber\u00eda \u00abahorrar en viajes y en la SIDE \u00abantes que recortar en jubilaciones o pensiones por discapacidad.<\/strong><\/p>\n\n\n\n<p>\u201cSi hay equilibrio, entonces, asistir a los m\u00e1s desprotegidos no debiera ser tan terrible. El tema es que&nbsp;<strong>un jubilado no puede esperar y un discapacitado menos.&nbsp;<\/strong>Que ahorre en viajes y en la SIDE y listo\u201d, respondi\u00f3 Villarruel ante la consulta de un seguidor que le preguntaba las razones por las cuales se abri\u00f3 el recinto el jueves pasado y si buscaba romper el equilibrio fiscal.<\/p>\n\n\n\n<p>Villarruel sostuvo que cumpli\u00f3 su \u00abfunci\u00f3n constitucional\u00bb, luego de que Milei, sin nombrarla, la tildara de \u00abtraidora\u00bb en la Bolsa de Comercio.&nbsp;<strong>\u00abNo traiciono pero no convalido mentiras ni decisiones que perjudiquen a los argentinos\u00bb<\/strong>, sostuvo al respecto. Afirm\u00f3 que los insultos recibidos \u00abpor los jubilados y los discapacitados\u00bb le dan \u00abla tranquilidad de estar en apoyo de los argentinos m\u00e1s vulnerables\u00bb.<\/p>\n\n\n\n<p>El Gobierno ratific\u00f3 este s\u00e1bado que&nbsp;<strong>vetar\u00e1 las leyes&nbsp;<\/strong>que la C\u00e1mara baja sancion\u00f3 este jueves. Si luego del veto presidencial, el Congreso logra los dos tercios de ambas c\u00e1maras, los proyectos se&nbsp;<strong>convertir\u00e1n en ley<\/strong>.<\/p>\n\n\n\n<p>Otro usuario de Instagram le reclam\u00f3 a Villarruel que su trabajo es junto al Presidente. \u201c<strong>\u00bfUn presidente que no puede ni saludar a la persona con la que lleg\u00f3 al poder?<\/strong>&nbsp;Hacele el reclamo a \u00e9l, que yo la educaci\u00f3n no la pierdo nunca\u00bb, respondi\u00f3 durante el intercambio con ciudadanos en la red social.<\/p>\n\n\n\n<p>La tensi\u00f3n entre Milei y Villarruel est\u00e1 lejos de resolverse. En otro posteo, la funcionaria tambi\u00e9n ironiz\u00f3 sobre por qu\u00e9 el Presidente no eligi\u00f3 a Karina Milei o a la diputada Lilia Lemoine para ocupar la vicepresidencia: \u201c<strong>No s\u00e9 por qu\u00e9 no puso a la hermana o a la \u2018Limones\u2019, que a ustedes les gusta tanto<\/strong>\u201d.<\/p>\n","protected":false},"excerpt":{"rendered":"<p>La vicepresidenta Victoria Villarruel sorprendi\u00f3 con una cr\u00edtica dur\u00edsima al presidente marcando una vez m\u00e1s la distancia entre ellos. Villarruel defendi\u00f3 la sanci\u00f3n del Senado al aumento de las jubilaciones y la declaraci\u00f3n de emergencia en discapacidad. n una serie de respuestas desde su cuenta oficial de Instagram, realizadas el viernes por la noche,&nbsp;sostuvo que &hellip;<\/p>\n","protected":false},"author":2,"featured_media":109987,"comment_status":"open","ping_status":"open","sticky":false,"template":"","format":"standard","meta":{"_jetpack_memberships_contains_paid_content":false,"footnotes":"","jetpack_publicize_message":"","jetpack_publicize_feature_enabled":true,"jetpack_social_post_already_shared":true,"jetpack_social_options":{"image_generator_settings":{"template":"highway","default_image_id":0,"font":"","enabled":false},"version":2}},"categories":[639,14],"tags":[],"class_list":["post-109986","post","type-post","status-publish","format-standard","has-post-thumbnail","hentry","category-argentina","category-politica"],"jetpack_publicize_connections":[],"jetpack_featured_media_url":"https:\/\/portalmovil.com.ar\/wp-content\/uploads\/2025\/07\/javier-milei-y-victoria-villarruel-en-la-apertura-XDGFQXWEZZGWNEACGRIHJTCP7Y.jpg","jetpack_sharing_enabled":true,"amp_enabled":true,"_links":{"self":[{"href":"https:\/\/portalmovil.com.ar\/index.php\/wp-json\/wp\/v2\/posts\/109986","targetHints":{"allow":["GET"]}}],"collection":[{"href":"https:\/\/portalmovil.com.ar\/index.php\/wp-json\/wp\/v2\/posts"}],"about":[{"href":"https:\/\/portalmovil.com.ar\/index.php\/wp-json\/wp\/v2\/types\/post"}],"author":[{"embeddable":true,"href":"https:\/\/portalmovil.com.ar\/index.php\/wp-json\/wp\/v2\/users\/2"}],"replies":[{"embeddable":true,"href":"https:\/\/portalmovil.com.ar\/index.php\/wp-json\/wp\/v2\/comments?post=109986"}],"version-history":[{"count":1,"href":"https:\/\/portalmovil.com.ar\/index.php\/wp-json\/wp\/v2\/posts\/109986\/revisions"}],"predecessor-version":[{"id":109988,"href":"https:\/\/portalmovil.com.ar\/index.php\/wp-json\/wp\/v2\/posts\/109986\/revisions\/109988"}],"wp:featuredmedia":[{"embeddable":true,"href":"https:\/\/portalmovil.com.ar\/index.php\/wp-json\/wp\/v2\/media\/109987"}],"wp:attachment":[{"href":"https:\/\/portalmovil.com.ar\/index.php\/wp-json\/wp\/v2\/media?parent=109986"}],"wp:term":[{"taxonomy":"category","embeddable":true,"href":"https:\/\/portalmovil.com.ar\/index.php\/wp-json\/wp\/v2\/categories?post=109986"},{"taxonomy":"post_tag","embeddable":true,"href":"https:\/\/portalmovil.com.ar\/index.php\/wp-json\/wp\/v2\/tags?post=109986"}],"curies":[{"name":"wp","href":"https:\/\/api.w.org\/{rel}","templated":true}]}}