{"id":109888,"date":"2025-07-08T21:23:37","date_gmt":"2025-07-09T00:23:37","guid":{"rendered":"https:\/\/portalmovil.com.ar\/?p=109888"},"modified":"2025-07-08T21:23:41","modified_gmt":"2025-07-09T00:23:41","slug":"el-nbch-comunico-que-no-estara-acreditado-beneficios-de-anses","status":"publish","type":"post","link":"https:\/\/portalmovil.com.ar\/index.php\/2025\/07\/08\/el-nbch-comunico-que-no-estara-acreditado-beneficios-de-anses\/","title":{"rendered":"El NBCh comunic\u00f3 que no estar\u00e1 acreditado beneficios de ANSES"},"content":{"rendered":"\n<p>Informaron mediante un comunicado que, ANSES solicit\u00f3 la exclusi\u00f3n de beneficiarios en la acreditaci\u00f3n de julio. Es decir, que no tendr\u00e1n acreditados sus beneficios en las cajas de ahorro en la fecha indicada en el cronograma del organismo nacional.<\/p>\n\n\n\n<p><br>Ante esta situaci\u00f3n que es ajena a NBCH, se debe concurrir a la delegaci\u00f3n de ANSES m\u00e1s cercana para recibir informaci\u00f3n del motivo de la exclusi\u00f3n.<\/p>\n","protected":false},"excerpt":{"rendered":"<p>Informaron mediante un comunicado que, ANSES solicit\u00f3 la exclusi\u00f3n de beneficiarios en la acreditaci\u00f3n de julio. Es decir, que no tendr\u00e1n acreditados sus beneficios en las cajas de ahorro en la fecha indicada en el cronograma del organismo nacional. Ante esta situaci\u00f3n que es ajena a NBCH, se debe concurrir a la delegaci\u00f3n de ANSES &hellip;<\/p>\n","protected":false},"author":2,"featured_media":76345,"comment_status":"open","ping_status":"open","sticky":false,"template":"","format":"standard","meta":{"_jetpack_memberships_contains_paid_content":false,"footnotes":"","jetpack_publicize_message":"","jetpack_publicize_feature_enabled":true,"jetpack_social_post_already_shared":true,"jetpack_social_options":{"image_generator_settings":{"template":"highway","default_image_id":0,"font":"","enabled":false},"version":2}},"categories":[5,175],"tags":[],"class_list":["post-109888","post","type-post","status-publish","format-standard","has-post-thumbnail","hentry","category-chaco","category-economia"],"jetpack_publicize_connections":[],"jetpack_featured_media_url":"https:\/\/portalmovil.com.ar\/wp-content\/uploads\/2023\/05\/63ebaa001c670892814762.jpg","jetpack_sharing_enabled":true,"amp_enabled":true,"_links":{"self":[{"href":"https:\/\/portalmovil.com.ar\/index.php\/wp-json\/wp\/v2\/posts\/109888","targetHints":{"allow":["GET"]}}],"collection":[{"href":"https:\/\/portalmovil.com.ar\/index.php\/wp-json\/wp\/v2\/posts"}],"about":[{"href":"https:\/\/portalmovil.com.ar\/index.php\/wp-json\/wp\/v2\/types\/post"}],"author":[{"embeddable":true,"href":"https:\/\/portalmovil.com.ar\/index.php\/wp-json\/wp\/v2\/users\/2"}],"replies":[{"embeddable":true,"href":"https:\/\/portalmovil.com.ar\/index.php\/wp-json\/wp\/v2\/comments?post=109888"}],"version-history":[{"count":1,"href":"https:\/\/portalmovil.com.ar\/index.php\/wp-json\/wp\/v2\/posts\/109888\/revisions"}],"predecessor-version":[{"id":109889,"href":"https:\/\/portalmovil.com.ar\/index.php\/wp-json\/wp\/v2\/posts\/109888\/revisions\/109889"}],"wp:featuredmedia":[{"embeddable":true,"href":"https:\/\/portalmovil.com.ar\/index.php\/wp-json\/wp\/v2\/media\/76345"}],"wp:attachment":[{"href":"https:\/\/portalmovil.com.ar\/index.php\/wp-json\/wp\/v2\/media?parent=109888"}],"wp:term":[{"taxonomy":"category","embeddable":true,"href":"https:\/\/portalmovil.com.ar\/index.php\/wp-json\/wp\/v2\/categories?post=109888"},{"taxonomy":"post_tag","embeddable":true,"href":"https:\/\/portalmovil.com.ar\/index.php\/wp-json\/wp\/v2\/tags?post=109888"}],"curies":[{"name":"wp","href":"https:\/\/api.w.org\/{rel}","templated":true}]}}