{"id":109785,"date":"2025-07-04T11:20:26","date_gmt":"2025-07-04T14:20:26","guid":{"rendered":"https:\/\/portalmovil.com.ar\/?p=109785"},"modified":"2025-07-04T11:20:29","modified_gmt":"2025-07-04T14:20:29","slug":"el-gobierno-cancelo-el-desfile-militar-del-9-de-julio-para-ahorrar-plata","status":"publish","type":"post","link":"https:\/\/portalmovil.com.ar\/index.php\/2025\/07\/04\/el-gobierno-cancelo-el-desfile-militar-del-9-de-julio-para-ahorrar-plata\/","title":{"rendered":"El Gobierno cancel\u00f3 el desfile militar del 9 de Julio para ahorrar plata"},"content":{"rendered":"\n<p>El gobierno de<strong>\u00a0Javier Milei\u00a0<\/strong>decidi\u00f3 suspender este a\u00f1o el tradicional desfile militar por el\u00a0<strong>D\u00eda de la Independencia<\/strong>\u00a0que deber\u00eda realizarse el pr\u00f3ximo mi\u00e9rcoles 9 de julio, confirmaron del Ministerio de Defensa. <\/p>\n\n\n\n<p>Seg\u00fan trascendi\u00f3, la decisi\u00f3n se adopt\u00f3 con la idea de ahorrar el gasto de fondos p\u00fablicos que obliga un evento con ese despliegue, aunque no deja de sorprender ya que el a\u00f1o pasado la gesti\u00f3n libertaria realiz\u00f3 el desfile, destacando su importancia y recuper\u00e1ndolo luego de que no se llevara a cabo durante la administraci\u00f3n anterior de Alberto Fern\u00e1ndez.<\/p>\n","protected":false},"excerpt":{"rendered":"<p>El gobierno de\u00a0Javier Milei\u00a0decidi\u00f3 suspender este a\u00f1o el tradicional desfile militar por el\u00a0D\u00eda de la Independencia\u00a0que deber\u00eda realizarse el pr\u00f3ximo mi\u00e9rcoles 9 de julio, confirmaron del Ministerio de Defensa. Seg\u00fan trascendi\u00f3, la decisi\u00f3n se adopt\u00f3 con la idea de ahorrar el gasto de fondos p\u00fablicos que obliga un evento con ese despliegue, aunque no deja &hellip;<\/p>\n","protected":false},"author":2,"featured_media":109787,"comment_status":"open","ping_status":"open","sticky":false,"template":"","format":"standard","meta":{"_jetpack_memberships_contains_paid_content":false,"footnotes":"","jetpack_publicize_message":"","jetpack_publicize_feature_enabled":true,"jetpack_social_post_already_shared":true,"jetpack_social_options":{"image_generator_settings":{"template":"highway","default_image_id":0,"font":"","enabled":false},"version":2}},"categories":[639,14],"tags":[],"class_list":["post-109785","post","type-post","status-publish","format-standard","has-post-thumbnail","hentry","category-argentina","category-politica"],"jetpack_publicize_connections":[],"jetpack_featured_media_url":"https:\/\/portalmovil.com.ar\/wp-content\/uploads\/2025\/07\/720webp-1.png","jetpack_sharing_enabled":true,"amp_enabled":true,"_links":{"self":[{"href":"https:\/\/portalmovil.com.ar\/index.php\/wp-json\/wp\/v2\/posts\/109785","targetHints":{"allow":["GET"]}}],"collection":[{"href":"https:\/\/portalmovil.com.ar\/index.php\/wp-json\/wp\/v2\/posts"}],"about":[{"href":"https:\/\/portalmovil.com.ar\/index.php\/wp-json\/wp\/v2\/types\/post"}],"author":[{"embeddable":true,"href":"https:\/\/portalmovil.com.ar\/index.php\/wp-json\/wp\/v2\/users\/2"}],"replies":[{"embeddable":true,"href":"https:\/\/portalmovil.com.ar\/index.php\/wp-json\/wp\/v2\/comments?post=109785"}],"version-history":[{"count":1,"href":"https:\/\/portalmovil.com.ar\/index.php\/wp-json\/wp\/v2\/posts\/109785\/revisions"}],"predecessor-version":[{"id":109788,"href":"https:\/\/portalmovil.com.ar\/index.php\/wp-json\/wp\/v2\/posts\/109785\/revisions\/109788"}],"wp:featuredmedia":[{"embeddable":true,"href":"https:\/\/portalmovil.com.ar\/index.php\/wp-json\/wp\/v2\/media\/109787"}],"wp:attachment":[{"href":"https:\/\/portalmovil.com.ar\/index.php\/wp-json\/wp\/v2\/media?parent=109785"}],"wp:term":[{"taxonomy":"category","embeddable":true,"href":"https:\/\/portalmovil.com.ar\/index.php\/wp-json\/wp\/v2\/categories?post=109785"},{"taxonomy":"post_tag","embeddable":true,"href":"https:\/\/portalmovil.com.ar\/index.php\/wp-json\/wp\/v2\/tags?post=109785"}],"curies":[{"name":"wp","href":"https:\/\/api.w.org\/{rel}","templated":true}]}}