{"id":109753,"date":"2025-07-03T12:41:13","date_gmt":"2025-07-03T15:41:13","guid":{"rendered":"https:\/\/portalmovil.com.ar\/?p=109753"},"modified":"2025-07-03T12:41:17","modified_gmt":"2025-07-03T15:41:17","slug":"detuvieron-al-acusado-de-abusar-de-su-hijastra-de-12-anos-de-barrio-barberan","status":"publish","type":"post","link":"https:\/\/portalmovil.com.ar\/index.php\/2025\/07\/03\/detuvieron-al-acusado-de-abusar-de-su-hijastra-de-12-anos-de-barrio-barberan\/","title":{"rendered":"Detuvieron al acusado de abusar de su hijastra de 12 a\u00f1os de Barrio Barber\u00e1n"},"content":{"rendered":"\n<p>El\u00a0<strong>presunto abusador de una ni\u00f1a de 12 a\u00f1os<\/strong>\u00a0fue\u00a0<strong>detenido<\/strong>\u00a0en las \u00faltimas horas en<strong>\u00a0Margarita Bel\u00e9n<\/strong>, tras una\u00a0<strong>intensa b\u00fasqueda que se extendi\u00f3 durante una semana.<\/strong>\u00a0Se trata de la<strong>\u00a0expareja de la madre de la v\u00edctima<\/strong>, quien hab\u00eda sido denunciado por\u00a0<strong>presunto abuso sexual reiterado ocurrido en el barrio Barber\u00e1n<\/strong>, en la ciudad de Resistencia.<\/p>\n\n\n\n<p>De acuerdo a la informaci\u00f3n suministrada por Polic\u00eda, se trata de Eladio Mart\u00edn De la Fuente, quien fue denunciado el pasado 23 de junio por una mujer de 29 a\u00f1os en la Divisi\u00f3n Violencia Familiar y de G\u00e9nero. <\/p>\n\n\n\n<p>La denunciante se\u00f1al\u00f3 que su entonces pareja hab\u00eda abusado de su hija en reiteradas ocasiones, aprovechando momentos de convivencia para cometer los hechos.<\/p>\n\n\n\n<p>Desde la presentaci\u00f3n de la denuncia, el hombre se encontraba pr\u00f3fugo e, incluso, en di\u00e1logo con este medio, la denunciando revel\u00f3 que recibi\u00f3 informaci\u00f3n de que \u00bb vieron en la terminal\u00bb de Resistencia, lo que sugiere su posible intento de fuga de la ciudad.<\/p>\n\n\n\n<p>Luego de tareas de investigaci\u00f3n y vigilancia, la Divisi\u00f3n Delitos Contra las Personas localiz\u00f3 al acusado a trav\u00e9s de triangulaci\u00f3n de antenas y el uso de un n\u00famero de tel\u00e9fono vinculado a su padrastro. Fue demorado en la intersecci\u00f3n de las calles Colorado y Jos\u00e9 de San Mart\u00edn de Margarita Bel\u00e9n y qued\u00f3 a disposici\u00f3n de la Justicia.<\/p>\n","protected":false},"excerpt":{"rendered":"<p>El\u00a0presunto abusador de una ni\u00f1a de 12 a\u00f1os\u00a0fue\u00a0detenido\u00a0en las \u00faltimas horas en\u00a0Margarita Bel\u00e9n, tras una\u00a0intensa b\u00fasqueda que se extendi\u00f3 durante una semana.\u00a0Se trata de la\u00a0expareja de la madre de la v\u00edctima, quien hab\u00eda sido denunciado por\u00a0presunto abuso sexual reiterado ocurrido en el barrio Barber\u00e1n, en la ciudad de Resistencia. De acuerdo a la informaci\u00f3n suministrada &hellip;<\/p>\n","protected":false},"author":2,"featured_media":109754,"comment_status":"open","ping_status":"open","sticky":false,"template":"","format":"standard","meta":{"_jetpack_memberships_contains_paid_content":false,"footnotes":"","jetpack_publicize_message":"","jetpack_publicize_feature_enabled":true,"jetpack_social_post_already_shared":true,"jetpack_social_options":{"image_generator_settings":{"template":"highway","default_image_id":0,"font":"","enabled":false},"version":2}},"categories":[5,8],"tags":[],"class_list":["post-109753","post","type-post","status-publish","format-standard","has-post-thumbnail","hentry","category-chaco","category-policiales"],"jetpack_publicize_connections":[],"jetpack_featured_media_url":"https:\/\/portalmovil.com.ar\/wp-content\/uploads\/2025\/07\/1751556371549.jpg","jetpack_sharing_enabled":true,"amp_enabled":true,"_links":{"self":[{"href":"https:\/\/portalmovil.com.ar\/index.php\/wp-json\/wp\/v2\/posts\/109753","targetHints":{"allow":["GET"]}}],"collection":[{"href":"https:\/\/portalmovil.com.ar\/index.php\/wp-json\/wp\/v2\/posts"}],"about":[{"href":"https:\/\/portalmovil.com.ar\/index.php\/wp-json\/wp\/v2\/types\/post"}],"author":[{"embeddable":true,"href":"https:\/\/portalmovil.com.ar\/index.php\/wp-json\/wp\/v2\/users\/2"}],"replies":[{"embeddable":true,"href":"https:\/\/portalmovil.com.ar\/index.php\/wp-json\/wp\/v2\/comments?post=109753"}],"version-history":[{"count":1,"href":"https:\/\/portalmovil.com.ar\/index.php\/wp-json\/wp\/v2\/posts\/109753\/revisions"}],"predecessor-version":[{"id":109755,"href":"https:\/\/portalmovil.com.ar\/index.php\/wp-json\/wp\/v2\/posts\/109753\/revisions\/109755"}],"wp:featuredmedia":[{"embeddable":true,"href":"https:\/\/portalmovil.com.ar\/index.php\/wp-json\/wp\/v2\/media\/109754"}],"wp:attachment":[{"href":"https:\/\/portalmovil.com.ar\/index.php\/wp-json\/wp\/v2\/media?parent=109753"}],"wp:term":[{"taxonomy":"category","embeddable":true,"href":"https:\/\/portalmovil.com.ar\/index.php\/wp-json\/wp\/v2\/categories?post=109753"},{"taxonomy":"post_tag","embeddable":true,"href":"https:\/\/portalmovil.com.ar\/index.php\/wp-json\/wp\/v2\/tags?post=109753"}],"curies":[{"name":"wp","href":"https:\/\/api.w.org\/{rel}","templated":true}]}}