{"id":109271,"date":"2025-06-17T22:55:22","date_gmt":"2025-06-18T01:55:22","guid":{"rendered":"https:\/\/portalmovil.com.ar\/?p=109271"},"modified":"2025-06-17T22:55:26","modified_gmt":"2025-06-18T01:55:26","slug":"zdero-inauguro-25-cuadras-de-pavimento-en-villa-ercilia","status":"publish","type":"post","link":"https:\/\/portalmovil.com.ar\/index.php\/2025\/06\/17\/zdero-inauguro-25-cuadras-de-pavimento-en-villa-ercilia\/","title":{"rendered":"Zdero inaugur\u00f3 25 cuadras de pavimento en Villa Ercilia"},"content":{"rendered":"\n<p><a href=\"https:\/\/www.facebook.com\/sharer\/sharer.php?u=https:\/\/diarioprimeralinea.com.ar\/zdero-inauguro-25-cuadras-de-pavimento-en-villa-ercilia-esto-le-cambia-la-vida-a-la-gente\/\"><\/a><a href=\"https:\/\/twitter.com\/intent\/tweet?url=https:\/\/diarioprimeralinea.com.ar\/zdero-inauguro-25-cuadras-de-pavimento-en-villa-ercilia-esto-le-cambia-la-vida-a-la-gente\/\"><\/a><a href=\"https:\/\/diarioprimeralinea.com.ar\/zdero-inauguro-25-cuadras-de-pavimento-en-villa-ercilia-esto-le-cambia-la-vida-a-la-gente\/#\"><\/a><a href=\"https:\/\/wa.me\/?text=https%3A%2F%2Fdiarioprimeralinea.com.ar%2Fzdero-inauguro-25-cuadras-de-pavimento-en-villa-ercilia-esto-le-cambia-la-vida-a-la-gente%2F\"><\/a><a href=\"tg:\/\/msg?text=%252Fzdero-inauguro-25-cuadras-de-pavimento-en-villa-ercilia-esto-le-cambia-la-vida-a-la-gente%252F\"><\/a>El gobernador Leandro Zdero encabez\u00f3 este lunes por la ma\u00f1ana la inauguraci\u00f3n oficial de 25 nuevas cuadras de pavimento urbano en el barrio Villa Ercilia, en la ciudad de Resistencia.<\/p>\n\n\n\n<p>La obra fue ejecutada por Vialidad Provincial en coordinaci\u00f3n con el Municipio capitalino y forma parte del plan de urbanizaci\u00f3n que el Gobierno desarrolla en distintos puntos del Chaco.<\/p>\n\n\n\n<p>Durante el acto, Zdero estuvo acompa\u00f1ado por el intendente de Resistencia, Roy Nikisch; el administrador de la Direcci\u00f3n de Vialidad Provincial, Hugo Dom\u00ednguez; autoridades municipales y provinciales, as\u00ed como vecinos y representantes de instituciones barriales.<\/p>\n\n\n\n<p>\u201cHace un tiempo atr\u00e1s inspeccion\u00e1bamos esta obra junto a Vialidad, con la empresa que trabajaba y con las autoridades municipales. Nuestro compromiso era claro: culminar las 25 cuadras de pavimento para esta fecha. Y hoy estamos ac\u00e1, cumpliendo con esa palabra\u201d, se\u00f1al\u00f3 el gobernador.<\/p>\n\n\n\n<p>Zdero remarc\u00f3 la importancia de la infraestructura urbana como motor de integraci\u00f3n social y valorizaci\u00f3n de los barrios:<\/p>\n\n\n\n<p>\u201cEsto viene a poner en valor a Villa Ercilia. Valorizamos las casas, unimos instituciones. Aqu\u00ed cerca hay una escuela, una biblioteca, un jardincito de infantes. Esta obra realza el perfil urbano del barrio y de toda la ciudad\u201d, expres\u00f3.<\/p>\n\n\n\n<p>El mandatario destac\u00f3 tambi\u00e9n la planificaci\u00f3n conjunta entre el Gobierno provincial y el Municipio de Resistencia:<\/p>\n\n\n\n<p>\u201cHoy en Resistencia, con el intendente Roy Nikisch, trabajamos espalda con espalda. Terminamos con a\u00f1os de desencuentros entre la Provincia y el Municipio, donde gobernador e intendente no se pon\u00edan de acuerdo y en el medio quedaban los resistencianos. Eso se termin\u00f3\u201d.<\/p>\n\n\n\n<p>En ese sentido, mencion\u00f3 otras obras similares que se est\u00e1n ejecutando en la ciudad: \u201cEste plan tiene que ver con lo que ya hicimos en barrios como UPCP, G\u00fciraldes, Villa Altabe, Villa Luisa, o en avenidas trascendentales como Coronel Falc\u00f3n, Edison, que une con Barranqueras, y la repavimentaci\u00f3n de 25 de Mayo, 9 de Julio y muchas m\u00e1s\u201d.<\/p>\n\n\n\n<p>Zdero hizo hincapi\u00e9 en la inclusi\u00f3n y accesibilidad como parte de los criterios de obra: \u201cTodas las cuadras se hicieron con accesibilidad.<\/p>\n\n\n\n<p>En la escuela del barrio, por ejemplo, tuvimos que mejorar el nivel de acceso porque el pavimento hab\u00eda quedado m\u00e1s alto que el ingreso. Pensamos en una ciudad inclusiva, donde todos puedan transitar con dignidad\u201d.<\/p>\n\n\n\n<p>El gobernador tambi\u00e9n agradeci\u00f3 a los vecinos por el acompa\u00f1amiento y la confianza: \u201cLa felicidad de ustedes, de quienes transmitieron el cari\u00f1o y el afecto, tambi\u00e9n es nuestra felicidad. Gracias por acompa\u00f1arnos en este momento tan importante\u201d.<\/p>\n\n\n\n<p>Finalmente, Zdero se\u00f1al\u00f3 que, a seis meses de iniciada su gesti\u00f3n, el camino reci\u00e9n comienza:<\/p>\n\n\n\n<p>\u201cSabemos que quedan muchas cosas por hacer, pero tengan la seguridad de que vamos a estar ah\u00ed, en las buenas y en las no tan buenas. Nuestro objetivo es claro: trabajar por el bien com\u00fan, para que la gente viva mejor. Estas obras le cambian la vida a la gente\u201d.<\/p>\n\n\n\n<p>Las nuevas 25 cuadras pavimentadas en Villa Ercilia no solo mejoran la transitabilidad y conectividad del barrio, sino que tambi\u00e9n refuerzan el compromiso del Gobierno con una agenda de obras p\u00fablicas al servicio de la comunidad.<\/p>\n","protected":false},"excerpt":{"rendered":"<p>El gobernador Leandro Zdero encabez\u00f3 este lunes por la ma\u00f1ana la inauguraci\u00f3n oficial de 25 nuevas cuadras de pavimento urbano en el barrio Villa Ercilia, en la ciudad de Resistencia. La obra fue ejecutada por Vialidad Provincial en coordinaci\u00f3n con el Municipio capitalino y forma parte del plan de urbanizaci\u00f3n que el Gobierno desarrolla en &hellip;<\/p>\n","protected":false},"author":2,"featured_media":109272,"comment_status":"open","ping_status":"open","sticky":false,"template":"","format":"standard","meta":{"_jetpack_memberships_contains_paid_content":false,"footnotes":"","jetpack_publicize_message":"","jetpack_publicize_feature_enabled":true,"jetpack_social_post_already_shared":true,"jetpack_social_options":{"image_generator_settings":{"template":"highway","default_image_id":0,"font":"","enabled":false},"version":2}},"categories":[5,14],"tags":[],"class_list":["post-109271","post","type-post","status-publish","format-standard","has-post-thumbnail","hentry","category-chaco","category-politica"],"jetpack_publicize_connections":[],"jetpack_featured_media_url":"https:\/\/portalmovil.com.ar\/wp-content\/uploads\/2025\/06\/Imagen-de-WhatsApp-2025-06-17-a-las-17.52.58_dc34dc33-1.jpg","jetpack_sharing_enabled":true,"amp_enabled":true,"_links":{"self":[{"href":"https:\/\/portalmovil.com.ar\/index.php\/wp-json\/wp\/v2\/posts\/109271","targetHints":{"allow":["GET"]}}],"collection":[{"href":"https:\/\/portalmovil.com.ar\/index.php\/wp-json\/wp\/v2\/posts"}],"about":[{"href":"https:\/\/portalmovil.com.ar\/index.php\/wp-json\/wp\/v2\/types\/post"}],"author":[{"embeddable":true,"href":"https:\/\/portalmovil.com.ar\/index.php\/wp-json\/wp\/v2\/users\/2"}],"replies":[{"embeddable":true,"href":"https:\/\/portalmovil.com.ar\/index.php\/wp-json\/wp\/v2\/comments?post=109271"}],"version-history":[{"count":1,"href":"https:\/\/portalmovil.com.ar\/index.php\/wp-json\/wp\/v2\/posts\/109271\/revisions"}],"predecessor-version":[{"id":109273,"href":"https:\/\/portalmovil.com.ar\/index.php\/wp-json\/wp\/v2\/posts\/109271\/revisions\/109273"}],"wp:featuredmedia":[{"embeddable":true,"href":"https:\/\/portalmovil.com.ar\/index.php\/wp-json\/wp\/v2\/media\/109272"}],"wp:attachment":[{"href":"https:\/\/portalmovil.com.ar\/index.php\/wp-json\/wp\/v2\/media?parent=109271"}],"wp:term":[{"taxonomy":"category","embeddable":true,"href":"https:\/\/portalmovil.com.ar\/index.php\/wp-json\/wp\/v2\/categories?post=109271"},{"taxonomy":"post_tag","embeddable":true,"href":"https:\/\/portalmovil.com.ar\/index.php\/wp-json\/wp\/v2\/tags?post=109271"}],"curies":[{"name":"wp","href":"https:\/\/api.w.org\/{rel}","templated":true}]}}