{"id":109245,"date":"2025-05-26T12:41:16","date_gmt":"2025-05-26T15:41:16","guid":{"rendered":"https:\/\/portalmovil.com.ar\/?p=109245"},"modified":"2025-06-17T12:43:08","modified_gmt":"2025-06-17T15:43:08","slug":"magda-ayala-en-el-acto-del-25-de-mayo-debemos-estar-unidos-y-defender-todo-lo-que-hemos-conquistado","status":"publish","type":"post","link":"https:\/\/portalmovil.com.ar\/index.php\/2025\/05\/26\/magda-ayala-en-el-acto-del-25-de-mayo-debemos-estar-unidos-y-defender-todo-lo-que-hemos-conquistado\/","title":{"rendered":"Magda Ayala en el acto del 25 de Mayo: \u201cDebemos estar unidos y defender todo lo que hemos conquistado\u201d"},"content":{"rendered":"\n<p>La intendente de Barranqueras, Magda Ayala, encabez\u00f3 un emotivo acto en conmemoraci\u00f3n del aniversario de la Revoluci\u00f3n de Mayo, realizado en la EEP N\u00b0 954 Juan Domingo Per\u00f3n. Durante la jornada, la comunidad educativa y las familias disfrutaron de representaciones y puestas en escena que honraron la gesta patri\u00f3tica de 1810 y resaltaron las tradiciones que unen al pueblo argentino.<\/p>\n\n\n\n<p>En su discurso, Ayala record\u00f3 el valor de aquellos hombres y mujeres que, hace m\u00e1s de dos siglos, lucharon por la independencia y la libertad. \u201cCada 25 de mayo recordamos a todos aquellos que lucharon para romper las cadenas del colonialismo y forjar los cimientos de una Patria libre y soberana\u201d, destac\u00f3.<\/p>\n\n\n\n<p>La jefa comunal tambi\u00e9n hizo hincapi\u00e9 en la importancia de la unidad en el contexto actual: \u201cDebido al contexto actual que nos toca afrontar, como pueblo argentino debemos estar unidos y asumir la responsabilidad de defender todo lo que hemos conquistado y logrado\u201d.<\/p>\n\n\n\n<p>Finalmente, Ayala subray\u00f3 que en cada rinc\u00f3n de Barranqueras se rinde homenaje a esta fecha tan significativa, reafirmando los valores de identidad y pertenencia que siguen guiando a la comunidad.<\/p>\n\n\n\n<p>\u201c\u00a1Feliz d\u00eda de la Patria!\u201d, concluy\u00f3 la intendente, resaltando el compromiso de toda la comunidad para mantener viva la memoria de aquella gesta revolucionaria que sent\u00f3 las bases de la Argentina que hoy conocemos.<\/p>\n","protected":false},"excerpt":{"rendered":"<p>La intendente de Barranqueras, Magda Ayala, encabez\u00f3 un emotivo acto en conmemoraci\u00f3n del aniversario de la Revoluci\u00f3n de Mayo, realizado en la EEP N\u00b0 954 Juan Domingo Per\u00f3n. Durante la jornada, la comunidad educativa y las familias disfrutaron de representaciones y puestas en escena que honraron la gesta patri\u00f3tica de 1810 y resaltaron las tradiciones &hellip;<\/p>\n","protected":false},"author":2,"featured_media":0,"comment_status":"open","ping_status":"open","sticky":false,"template":"","format":"standard","meta":{"_jetpack_memberships_contains_paid_content":false,"footnotes":"","jetpack_publicize_message":"","jetpack_publicize_feature_enabled":true,"jetpack_social_post_already_shared":true,"jetpack_social_options":{"image_generator_settings":{"template":"highway","default_image_id":0,"font":"","enabled":false},"version":2}},"categories":[5,14],"tags":[],"class_list":["post-109245","post","type-post","status-publish","format-standard","hentry","category-chaco","category-politica"],"jetpack_publicize_connections":[],"jetpack_featured_media_url":"","jetpack_sharing_enabled":true,"amp_enabled":true,"_links":{"self":[{"href":"https:\/\/portalmovil.com.ar\/index.php\/wp-json\/wp\/v2\/posts\/109245","targetHints":{"allow":["GET"]}}],"collection":[{"href":"https:\/\/portalmovil.com.ar\/index.php\/wp-json\/wp\/v2\/posts"}],"about":[{"href":"https:\/\/portalmovil.com.ar\/index.php\/wp-json\/wp\/v2\/types\/post"}],"author":[{"embeddable":true,"href":"https:\/\/portalmovil.com.ar\/index.php\/wp-json\/wp\/v2\/users\/2"}],"replies":[{"embeddable":true,"href":"https:\/\/portalmovil.com.ar\/index.php\/wp-json\/wp\/v2\/comments?post=109245"}],"version-history":[{"count":1,"href":"https:\/\/portalmovil.com.ar\/index.php\/wp-json\/wp\/v2\/posts\/109245\/revisions"}],"predecessor-version":[{"id":109246,"href":"https:\/\/portalmovil.com.ar\/index.php\/wp-json\/wp\/v2\/posts\/109245\/revisions\/109246"}],"wp:attachment":[{"href":"https:\/\/portalmovil.com.ar\/index.php\/wp-json\/wp\/v2\/media?parent=109245"}],"wp:term":[{"taxonomy":"category","embeddable":true,"href":"https:\/\/portalmovil.com.ar\/index.php\/wp-json\/wp\/v2\/categories?post=109245"},{"taxonomy":"post_tag","embeddable":true,"href":"https:\/\/portalmovil.com.ar\/index.php\/wp-json\/wp\/v2\/tags?post=109245"}],"curies":[{"name":"wp","href":"https:\/\/api.w.org\/{rel}","templated":true}]}}