{"id":109232,"date":"2025-06-17T10:14:12","date_gmt":"2025-06-17T13:14:12","guid":{"rendered":"https:\/\/portalmovil.com.ar\/?p=109232"},"modified":"2025-06-17T10:14:15","modified_gmt":"2025-06-17T13:14:15","slug":"marcela-acuna-se-comparo-con-cfk-el-mismo-enemigo-nos-condena","status":"publish","type":"post","link":"https:\/\/portalmovil.com.ar\/index.php\/2025\/06\/17\/marcela-acuna-se-comparo-con-cfk-el-mismo-enemigo-nos-condena\/","title":{"rendered":"Marcela Acu\u00f1a se compar\u00f3 con CFK: \u00abEl mismo enemigo nos condena\u00bb"},"content":{"rendered":"\n<p>Marcela Acu\u00f1a desde prisi\u00f3n expres\u00f3 mediante una carta, su solidaridad con la ex presidenta Cristina Fern\u00e1ndez de Kirchner por la ratificaci\u00f3n de la condena que pesa en su contra por la Causa Vialidad.<\/p>\n\n\n\n<p>Acu\u00f1a acusada por ser part\u00edcipe necesaria en el crimen de Cecilia Strzyzowski, asegura que el Poder Judicial y empresario \u00abhan hecho lo mismo con nosotros\u00bb (por la condena a CFK), y que se \u00ababri\u00f3 la caja de Pandora en utilizar un m\u00e9todo de criminalizaci\u00f3n a todo lo que signifique \u00aboposici\u00f3n\u00bb\u00bb.<\/p>\n\n\n\n<p>A continuaci\u00f3n se transcribe textualmente el mensaje de redes sociales:<\/p>\n\n\n\n<p><em>Hago p\u00fablica una carta escrita por mi hna.<strong>Marcela Ver\u00f3nica Acu\u00f1a.Privada de libertad<\/strong>&nbsp;Preventivamente en la Penitenciaria de Mujeres del Barrio Don Santiago<strong>, solidariz\u00e1ndose con nuestra ex Presidenta Cristina Fern\u00e1ndez de Kirchner. &nbsp;<\/strong><\/em><\/p>\n\n\n\n<p><em>Lunes 16 de junio del 2025.<\/em><\/p>\n\n\n\n<p><strong><em>Solidaridad con Cristina Fern\u00e1ndez de Kirchner.<\/em>&nbsp;<\/strong><\/p>\n\n\n\n<p><em>A las compa\u00f1eras\/os:<\/em><\/p>\n\n\n\n<p><em>Desde mi situaci\u00f3n privada de libertad,sin sentencia,ni juicio, hace 2 a\u00f1os,como mujer Madre,Compa\u00f1era y Socialista,manifiesto mi total Solidaridad con Cristina Fern\u00e1ndez de Kirchner; y desde este espacio entre rejas,les pido a todas las compa\u00f1eras sean o no Peronistas que desde donde est\u00e9n hagan lo mismo.<\/em><\/p>\n\n\n\n<p><em>El discurso Pol\u00edtico \u00abPenal\u00bb,que el Poder Empresarial ha instalado hacia Cristina,si lo analizamos,es el mismo,con los actores incluidos que&nbsp;<strong>han hecho lo mismo con nosotros<\/strong>&nbsp;y que abri\u00f3 la caja de Pandora en utilizar un<strong>&nbsp;m\u00e9todo de Criminalizaci\u00f3n a todo lo que signifique \u00aboposici\u00f3n\u00bb,<\/strong>usando la difamaci\u00f3n,para mediaticamente generar un \u00abProceso Penal Paralelo\u00bb,<strong>se\u00f1alando a personas inocentes como \u00abculpables\u00bb<\/strong>&nbsp;y lograr encerrarlos en una \u00abc\u00e1rcel\u00bb como trofeo de batalla.<\/em><\/p>\n\n\n\n<p><em>Podr\u00e1n decir algunos que la situaci\u00f3n de Emerenciano y Marcela es \u00abdiferente\u00bb, a lo que yo les contesto:<strong>&nbsp;\u00abNuestra situaci\u00f3n no es diferente a la de Cristina\u00bb,<\/strong>ya que adem\u00e1s de&nbsp;<strong>nuestra total inocencia<\/strong>, es el mismo enemigo el que nos condena,los medios de comunicaci\u00f3n empresariales. El Poder Judicial Pol\u00edtico y Medi\u00e1tico (Emp),nos han convertido en \u00abenemigos\u00bb de la Sociedad, de la buena gente (seg\u00fan su criterio).Por lo cual,Zdero, Milei,\u00bbJusticieros\u00bb que utilizan la \u00abJusticia\u00bb y los representantes oficialistas de la misma, recurriendo a una t\u00e9cnica sesgada a fin de hacerse ver a s\u00ed mismos y a sus amos \u00abPol\u00edticos\u00bb frente a la Sociedad, montar una escena jur\u00eddica dentro de la escena pol\u00edtica,con la finalidad de construcci\u00f3n de \u00absu verdad\u00bb realizada por el Poder de turno, donde el orden es de ellos,instalando difamaciones desde las redes sociales a la Sociedad,verdades estilos,im\u00e1genes etc.utilizando la Justicia de \u00ablinchamiento\u00bb para legitimar todo proyecto pol\u00edtico aporof\u00f3bico para despu\u00e9s de llegar al Poder volver al mismo mecanismo de construcci\u00f3n por medio de la \u00ab<strong>destrucci\u00f3n\u00bb de s\u00edmbolos, dirigentes y todo lo que para el Poder sea \u00abopositor\u00bb<\/strong>&nbsp;debe ser ensuciado. Nosotros&nbsp;<strong>desafiamos sus reglas, Cristina tambi\u00e9n.Capitanich con su Gobierno Popular tambi\u00e9n<\/strong>,y tantos m\u00e1s. Para Milei y los Zderos, fuimos insolentes, siendo libres y eso se castiga con \u00abC\u00e1rcel\u00bb. Pero solo el Pueblo salvar\u00e1 al Pueblo. Solidaridad con Cristina.<\/em><\/p>\n\n\n\n<p><em>Marcela Acu\u00f1a.<\/em><\/p>\n","protected":false},"excerpt":{"rendered":"<p>Marcela Acu\u00f1a desde prisi\u00f3n expres\u00f3 mediante una carta, su solidaridad con la ex presidenta Cristina Fern\u00e1ndez de Kirchner por la ratificaci\u00f3n de la condena que pesa en su contra por la Causa Vialidad. Acu\u00f1a acusada por ser part\u00edcipe necesaria en el crimen de Cecilia Strzyzowski, asegura que el Poder Judicial y empresario \u00abhan hecho lo &hellip;<\/p>\n","protected":false},"author":2,"featured_media":109233,"comment_status":"open","ping_status":"open","sticky":false,"template":"","format":"standard","meta":{"_jetpack_memberships_contains_paid_content":false,"footnotes":"","jetpack_publicize_message":"","jetpack_publicize_feature_enabled":true,"jetpack_social_post_already_shared":true,"jetpack_social_options":{"image_generator_settings":{"template":"highway","default_image_id":0,"font":"","enabled":false},"version":2}},"categories":[5,50],"tags":[],"class_list":["post-109232","post","type-post","status-publish","format-standard","has-post-thumbnail","hentry","category-chaco","category-judiciales"],"jetpack_publicize_connections":[],"jetpack_featured_media_url":"https:\/\/portalmovil.com.ar\/wp-content\/uploads\/2025\/06\/Lndc-wPcn_720x0__1-720x470-1.webp","jetpack_sharing_enabled":true,"amp_enabled":true,"_links":{"self":[{"href":"https:\/\/portalmovil.com.ar\/index.php\/wp-json\/wp\/v2\/posts\/109232","targetHints":{"allow":["GET"]}}],"collection":[{"href":"https:\/\/portalmovil.com.ar\/index.php\/wp-json\/wp\/v2\/posts"}],"about":[{"href":"https:\/\/portalmovil.com.ar\/index.php\/wp-json\/wp\/v2\/types\/post"}],"author":[{"embeddable":true,"href":"https:\/\/portalmovil.com.ar\/index.php\/wp-json\/wp\/v2\/users\/2"}],"replies":[{"embeddable":true,"href":"https:\/\/portalmovil.com.ar\/index.php\/wp-json\/wp\/v2\/comments?post=109232"}],"version-history":[{"count":1,"href":"https:\/\/portalmovil.com.ar\/index.php\/wp-json\/wp\/v2\/posts\/109232\/revisions"}],"predecessor-version":[{"id":109234,"href":"https:\/\/portalmovil.com.ar\/index.php\/wp-json\/wp\/v2\/posts\/109232\/revisions\/109234"}],"wp:featuredmedia":[{"embeddable":true,"href":"https:\/\/portalmovil.com.ar\/index.php\/wp-json\/wp\/v2\/media\/109233"}],"wp:attachment":[{"href":"https:\/\/portalmovil.com.ar\/index.php\/wp-json\/wp\/v2\/media?parent=109232"}],"wp:term":[{"taxonomy":"category","embeddable":true,"href":"https:\/\/portalmovil.com.ar\/index.php\/wp-json\/wp\/v2\/categories?post=109232"},{"taxonomy":"post_tag","embeddable":true,"href":"https:\/\/portalmovil.com.ar\/index.php\/wp-json\/wp\/v2\/tags?post=109232"}],"curies":[{"name":"wp","href":"https:\/\/api.w.org\/{rel}","templated":true}]}}