{"id":109058,"date":"2025-06-10T09:20:10","date_gmt":"2025-06-10T12:20:10","guid":{"rendered":"https:\/\/portalmovil.com.ar\/?p=109058"},"modified":"2025-06-10T09:20:13","modified_gmt":"2025-06-10T12:20:13","slug":"caso-cecilia-definen-si-dan-la-libertad-a-los-colaboradores-del-clan","status":"publish","type":"post","link":"https:\/\/portalmovil.com.ar\/index.php\/2025\/06\/10\/caso-cecilia-definen-si-dan-la-libertad-a-los-colaboradores-del-clan\/","title":{"rendered":"Caso Cecilia: definen si dan la libertad a los colaboradores del Clan"},"content":{"rendered":"\n<p><strong>La jueza de la C\u00e1mara Segunda en lo Criminal de Resistencia, Dolly Fern\u00e1ndez, definir\u00e1 este martes si los presuntos colaboradores del Clan Sena continuar\u00e1n detenidos, en el marco del caso que investiga el femicidio de Cecilia Strzyzowski.<\/strong>&nbsp;<\/p>\n\n\n\n<p>La resoluci\u00f3n ser\u00e1 informada por escrito, considerando que este viernes 13 de junio se cumplir\u00e1n dos a\u00f1os desde que los cuatro presuntos colaboradores fueron detenidos y contin\u00faan en esa situaci\u00f3n sin condena firme.<\/p>\n\n\n\n<p><strong>Se trata de Fabiana Gonz\u00e1lez (secretaria de Marcela Acu\u00f1a), Gustavo Obreg\u00f3n (secretario de C\u00e9sar Sena), y los caseros de Campo Rossi \u2014donde funcionaban las chancher\u00edas de la familia\u2014, Gustavo Melgarejo y Griselda Reinoso. Todos ellos est\u00e1n imputados por \u00abencubrimiento agravado\u00bb, un delito que conlleva penas de 1 a 6 a\u00f1os de prisi\u00f3n y que no ser\u00e1 juzgado mediante el sistema de jurados populares.<\/strong><\/p>\n\n\n\n<p><strong>Se espera que la decisi\u00f3n de la jueza sea informada a las defensas antes del mediod\u00eda y se prev\u00e9, hasta el momento, que se extienda la medida de prisi\u00f3n preventiva por un a\u00f1o m\u00e1s.<\/strong>&nbsp;<\/p>\n\n\n\n<p>El expediente judicial tiene como principal imputado a C\u00e9sar Sena, acusado de ser el autor del femicidio de Cecilia, con la calificaci\u00f3n de \u00abhomicidio doblemente agravado por el v\u00ednculo y por mediar violencia de g\u00e9nero\u00bb, delito que prev\u00e9 prisi\u00f3n perpetua con penas de hasta 25 a\u00f1os. &nbsp;<\/p>\n\n\n\n<p>Por su parte, sus padres, Emerenciano Sena y Marcela Acu\u00f1a, enfrentar\u00e1n el proceso como part\u00edcipes necesarios, tras haberse desestimado el pedido de las querellas \u2014tanto del Estado provincial como de los representantes legales de Gloria Romero, madre de la v\u00edctima\u2014 que solicitaban que fueran juzgados como coautores del crimen. La calificaci\u00f3n de participaci\u00f3n necesaria implica penas de hasta 25 a\u00f1os de prisi\u00f3n.&nbsp;<\/p>\n\n\n\n<h2 class=\"wp-block-heading\"><strong>C\u00f3mo sigue el proceso<\/strong><\/h2>\n\n\n\n<p><strong>La semana pr\u00f3xima continuar\u00e1n las audiencias preliminares, paso previo al juicio por jurados. Tendr\u00e1n lugar el mi\u00e9rcoles 18 y jueves 19 de junio, oportunidad en que los abogados defensores de los acusados presentar\u00e1n su teor\u00eda del caso.<\/strong><\/p>\n\n\n\n<p>Previamente, los integrantes del Equipo Fiscal Especial (EFE) expusieron su teor\u00eda del caso, en sinton\u00eda con las posturas de los fiscales Juan Mart\u00edn Bogado, Jorge C\u00e1ceres Olivera y Nelia Vel\u00e1zquez.<\/p>\n\n\n\n<h2 class=\"wp-block-heading\"><strong>Qu\u00e9 dice la acusaci\u00f3n<\/strong><\/h2>\n\n\n\n<p><strong>Seg\u00fan la hip\u00f3tesis fiscal, el 2 de junio de 2023, Marcela Acu\u00f1a y Emerenciano Sena se ausentaron deliberadamente de su casa para facilitar el asesinato de Cecilia, cometido presuntamente por su hijo C\u00e9sar en una habitaci\u00f3n de la planta baja. El EFE sostiene que el crimen fue perpetrado en un contexto de violencia de g\u00e9nero, aprovechando la situaci\u00f3n de vulnerabilidad econ\u00f3mica y emocional de la joven.&nbsp;<\/strong>&nbsp;<\/p>\n\n\n\n<p>Esa misma tarde, alrededor de las 19.30, C\u00e9sar y su asistente, Gustavo Obreg\u00f3n, habr\u00edan trasladado el cuerpo de Cecilia en una camioneta hasta un campo en la zona rural de Tres Horquetas, escoltados por un autom\u00f3vil Citro\u00ebn C4. En ese lugar, junto a otros colaboradores, habr\u00edan incinerado el cuerpo para eliminar pruebas.<\/p>\n\n\n\n<p>Los fiscales aseguran que Gustavo Melgarejo y Griselda Reinoso, encargados de custodiar el predio, se quedaron toda la noche avivando el fuego para evitar que quedaran restos identificables.<\/p>\n","protected":false},"excerpt":{"rendered":"<p>La jueza de la C\u00e1mara Segunda en lo Criminal de Resistencia, Dolly Fern\u00e1ndez, definir\u00e1 este martes si los presuntos colaboradores del Clan Sena continuar\u00e1n detenidos, en el marco del caso que investiga el femicidio de Cecilia Strzyzowski.&nbsp; La resoluci\u00f3n ser\u00e1 informada por escrito, considerando que este viernes 13 de junio se cumplir\u00e1n dos a\u00f1os desde &hellip;<\/p>\n","protected":false},"author":2,"featured_media":109059,"comment_status":"open","ping_status":"open","sticky":false,"template":"","format":"standard","meta":{"_jetpack_memberships_contains_paid_content":false,"footnotes":"","jetpack_publicize_message":"","jetpack_publicize_feature_enabled":true,"jetpack_social_post_already_shared":true,"jetpack_social_options":{"image_generator_settings":{"template":"highway","default_image_id":0,"font":"","enabled":false},"version":2}},"categories":[5,50],"tags":[],"class_list":["post-109058","post","type-post","status-publish","format-standard","has-post-thumbnail","hentry","category-chaco","category-judiciales"],"jetpack_publicize_connections":[],"jetpack_featured_media_url":"https:\/\/portalmovil.com.ar\/wp-content\/uploads\/2025\/06\/FB_IMG_1749557976088.jpg","jetpack_sharing_enabled":true,"amp_enabled":true,"_links":{"self":[{"href":"https:\/\/portalmovil.com.ar\/index.php\/wp-json\/wp\/v2\/posts\/109058","targetHints":{"allow":["GET"]}}],"collection":[{"href":"https:\/\/portalmovil.com.ar\/index.php\/wp-json\/wp\/v2\/posts"}],"about":[{"href":"https:\/\/portalmovil.com.ar\/index.php\/wp-json\/wp\/v2\/types\/post"}],"author":[{"embeddable":true,"href":"https:\/\/portalmovil.com.ar\/index.php\/wp-json\/wp\/v2\/users\/2"}],"replies":[{"embeddable":true,"href":"https:\/\/portalmovil.com.ar\/index.php\/wp-json\/wp\/v2\/comments?post=109058"}],"version-history":[{"count":1,"href":"https:\/\/portalmovil.com.ar\/index.php\/wp-json\/wp\/v2\/posts\/109058\/revisions"}],"predecessor-version":[{"id":109060,"href":"https:\/\/portalmovil.com.ar\/index.php\/wp-json\/wp\/v2\/posts\/109058\/revisions\/109060"}],"wp:featuredmedia":[{"embeddable":true,"href":"https:\/\/portalmovil.com.ar\/index.php\/wp-json\/wp\/v2\/media\/109059"}],"wp:attachment":[{"href":"https:\/\/portalmovil.com.ar\/index.php\/wp-json\/wp\/v2\/media?parent=109058"}],"wp:term":[{"taxonomy":"category","embeddable":true,"href":"https:\/\/portalmovil.com.ar\/index.php\/wp-json\/wp\/v2\/categories?post=109058"},{"taxonomy":"post_tag","embeddable":true,"href":"https:\/\/portalmovil.com.ar\/index.php\/wp-json\/wp\/v2\/tags?post=109058"}],"curies":[{"name":"wp","href":"https:\/\/api.w.org\/{rel}","templated":true}]}}